{"id":142159,"date":"2024-03-09T09:04:14","date_gmt":"2024-03-09T15:04:14","guid":{"rendered":"https:\/\/nvnoticias.mx\/?p=142159"},"modified":"2024-03-09T09:04:14","modified_gmt":"2024-03-09T15:04:14","slug":"ratifican-prision-preventiva-contra-chofer-de-camion-que-atropello-a-reportera-en-veracruz","status":"publish","type":"post","link":"https:\/\/nvnoticias.mx\/index.php\/2024\/03\/09\/ratifican-prision-preventiva-contra-chofer-de-camion-que-atropello-a-reportera-en-veracruz\/","title":{"rendered":"Ratifican prisi\u00f3n preventiva contra chofer de cami\u00f3n que atropell\u00f3 a reportera en Veracruz"},"content":{"rendered":"\n<p><strong>Armando<\/strong>&nbsp;N., chofer del cami\u00f3n n\u00famero 1306 de la ruta Puente Moreno, se\u00f1alado de&nbsp;<strong>atropellar<\/strong>&nbsp;<strong>Myriam Serrano<\/strong>&nbsp;Gamboa,&nbsp;<strong>reportera<\/strong>&nbsp;del peri\u00f3dico Imagen de&nbsp;<strong>Veracruz<\/strong>&nbsp;y \u00d3rale Jarocho, quien falleci\u00f3 por las lesiones el viernes 1 de marzo, fue vinculado a proceso por el delito de&nbsp;<strong>homicidio<\/strong>&nbsp;culposo.<\/p>\n\n\n\n<p>En\u00a0<strong>audiencia<\/strong>\u00a0celebrada en los juzgados del Centro Integral de Justicia ubicado en la avenida Fidel Vel\u00e1zquez, la jueza de control tambi\u00e9n ratific\u00f3 la medida cautelar de\u00a0<strong>prisi\u00f3n<\/strong>\u00a0preventiva justificada por ocho meses; adem\u00e1s, dict\u00f3 un plazo de cuatro meses para la\u00a0<strong>investigaci\u00f3n<\/strong>\u00a0complementaria para llegar a la\u00a0<strong>audiencia<\/strong>\u00a0intermedia, en donde se desahogar\u00e1n las\u00a0<strong>pruebas<\/strong>.<\/p>\n\n\n\n<h4 class=\"wp-block-heading\">Presenta Fiscal\u00eda 17 medios de prueba<\/h4>\n\n\n\n<p>Durante la&nbsp;<strong>audiencia<\/strong>&nbsp;de vinculaci\u00f3n a proceso de este viernes 8 de marzo, la&nbsp;<strong>Fiscal\u00eda<\/strong>&nbsp;Regional de&nbsp;<strong>Veracruz<\/strong>&nbsp;present\u00f3 las&nbsp;<strong>pruebas<\/strong>&nbsp;suficientes para acreditar la presunta responsabilidad del chofer&nbsp;<strong>Armando<\/strong>&nbsp;N., en el&nbsp;<strong>homicidio<\/strong>&nbsp;de la&nbsp;<strong>reportera<\/strong>&nbsp;<strong>Myriam Serrano<\/strong>.<\/p>\n\n\n\n<p>Del mismo modo, se presentaron las\u00a0<strong>pruebas<\/strong>\u00a0para acreditar que el chofer\u00a0<strong>Armando<\/strong>\u00a0N. intent\u00f3 darse a la\u00a0<strong>fuga<\/strong>\u00a0despu\u00e9s de que ocurrieron los hechos, motivo por lo que desde el inicio se pidi\u00f3 como medida cautelar la\u00a0<strong>prisi\u00f3n<\/strong>\u00a0preventiva justificada, ya que existe temor de que el inculpado busque escapar a la acci\u00f3n de la justicia.<\/p>\n\n\n\n<p>De acuerdo con el abogado Jos\u00e9 Fabi\u00e1n P\u00e9rez Z\u00e1rate, en esta etapa del proceso la&nbsp;<strong>Fiscal\u00eda<\/strong>&nbsp;Regional de&nbsp;<strong>Veracruz<\/strong>&nbsp;aport\u00f3 17 medios de&nbsp;<strong>prueba<\/strong>&nbsp;para conseguir la vinculaci\u00f3n a proceso por el delito de&nbsp;<strong>homicidio<\/strong>&nbsp;en contra del chofer del cami\u00f3n de la ruta Puente Moreno.<\/p>\n\n\n\n<p>Adem\u00e1s de las diligencias de la&nbsp;<strong>Fiscal\u00eda<\/strong>&nbsp;en la integraci\u00f3n de la carpeta de&nbsp;<strong>investigaci\u00f3n<\/strong>&nbsp;con peritajes y dict\u00e1menes de campo, fue decisiva la cooperaci\u00f3n de ciudadanos que aportaron su&nbsp;<strong>testimonio<\/strong>&nbsp;de forma voluntaria, sin ser presionados con dolo o mala fe por la&nbsp;<strong>familia<\/strong>&nbsp;de la v\u00edctima o cualquier otra parte involucrada.<\/p>\n\n\n\n<p>&#8220;Este evento es muy lamentable y se hace \u00e9nfasis de las circunstancias espec\u00edficas, esto es el lugar de localizaci\u00f3n, fue en un punto sumamente transitado por peatones, incluso hay una escuela primaria en la esquina, en el horario que se cometi\u00f3, fue de alta afluencia peatonal, esto nos habla de que se violenta en todo momento el reglamento de tr\u00e1nsito&#8221;.<\/p>\n\n\n\n<h2 class=\"wp-block-heading\">Chofer busca cambiar prisi\u00f3n preventiva<\/h2>\n\n\n\n<p>A pesar del desahogo de&nbsp;<strong>pruebas<\/strong>&nbsp;que fueron valoradas oportunamente por la jueza de control, la&nbsp;<strong>defensa<\/strong>&nbsp;del ch\u00f3fer acusado de provocar la muerte de&nbsp;<strong>Myriam Serrano<\/strong>&nbsp;al atropellarla con el cami\u00f3n que conduc\u00eda, la&nbsp;<strong>defensa<\/strong>&nbsp;busca que se modifique la medida cautelar en una&nbsp;<strong>audiencia<\/strong>&nbsp;que se llevar\u00e1 a cabo el pr\u00f3ximo lunes 11 de marzo.<\/p>\n\n\n\n<p>Jos\u00e9 Fabi\u00e1n P\u00e9rez Z\u00e1rate, asesor legal de la&nbsp;<strong>familia<\/strong>&nbsp;de&nbsp;<strong>Myriam Serrano<\/strong>, agradeci\u00f3 el respaldo de ciudadanos que han aportado sus&nbsp;<strong>testimonios<\/strong>&nbsp;en el caso. Del mismo modo, hizo un llamado a las&nbsp;<strong>autoridades<\/strong>&nbsp;para que el hecho sirva de antecedente para brindar la&nbsp;<strong>seguridad<\/strong>&nbsp;jur\u00eddica a los veracruzanos, ya que una c\u00e1mara de vigilancia del C4 instalada en el sitio donde ocurri\u00f3 el atropellamiento se encontraba fuera de funcionamiento.<\/p>\n\n\n\n<p>Del mismo modo, es del dominio p\u00fablico las malas condiciones en las que se presta el servicio del&nbsp;<strong>transporte<\/strong>&nbsp;p\u00fablico urbano en rutas como la de Puente Moreno, con unidades en malas condiciones y que conducen a exceso de&nbsp;<strong>velocidad<\/strong>&nbsp;y sin precauci\u00f3n en calles altamente transitadas.<\/p>\n\n\n\n<blockquote class=\"wp-block-quote is-layout-flow wp-block-quote-is-layout-flow\">\n<p>&#8220;<em>Hago el llamado a las\u00a0<strong>autoridades<\/strong>\u00a0de\u00a0<strong>seguridad<\/strong>\u00a0p\u00fablica y\u00a0<strong>transporte<\/strong>\u00a0p\u00fablico del estado de\u00a0<strong>Veracruz<\/strong>\u00a0a las\u00a0<strong>autoridades<\/strong>\u00a0para que realicen las debidas actuaciones, los actos de autoridad tendientes a ayudar a la ciudadan\u00eda a que tengan\u00a0<strong>seguridad<\/strong>\u00a0jur\u00eddica y derechos, toda vez que nos encontramos indefensos ante este tipo de hechos, es decir, no tenemos una c\u00e1mara del C4 que est\u00e9 activa que pueda ayudarnos al esclarecimiento, tampoco tenemos una autoridad que est\u00e9 revisando las concesiones, es p\u00fablico y conocido por todos los ciudadanos que los camiones violentan el reglamento de tr\u00e1nsito<\/em>&#8220;.<\/p>\n<\/blockquote>\n","protected":false},"excerpt":{"rendered":"<p>Armando&nbsp;N., chofer del cami\u00f3n n\u00famero 1306 de la ruta Puente Moreno, se\u00f1alado de&nbsp;atropellar&nbsp;Myriam Serrano&nbsp;Gamboa,&nbsp;reportera&nbsp;del peri\u00f3dico Imagen de&nbsp;Veracruz&nbsp;y \u00d3rale Jarocho, quien falleci\u00f3 por las lesiones el viernes 1 de marzo, fue vinculado a proceso por el delito de&nbsp;homicidio&nbsp;culposo. En\u00a0audiencia\u00a0celebrada en los juzgados del Centro Integral de Justicia ubicado en la avenida Fidel Vel\u00e1zquez, la jueza de [&hellip;]<\/p>\n","protected":false},"author":8,"featured_media":142160,"comment_status":"open","ping_status":"open","sticky":false,"template":"","format":"standard","meta":{"_monsterinsights_skip_tracking":false,"_monsterinsights_sitenote_active":false,"_monsterinsights_sitenote_note":"","_monsterinsights_sitenote_category":0,"footnotes":""},"categories":[154],"tags":[8674,162,2918,29515,180],"class_list":["post-142159","post","type-post","status-publish","format-standard","has-post-thumbnail","hentry","category-veracruz","tag-chofer","tag-portada","tag-prision-preventiva","tag-reportera","tag-veracruz","wp-image-borders"],"amp_enabled":true,"_links":{"self":[{"href":"https:\/\/nvnoticias.mx\/index.php\/wp-json\/wp\/v2\/posts\/142159","targetHints":{"allow":["GET"]}}],"collection":[{"href":"https:\/\/nvnoticias.mx\/index.php\/wp-json\/wp\/v2\/posts"}],"about":[{"href":"https:\/\/nvnoticias.mx\/index.php\/wp-json\/wp\/v2\/types\/post"}],"author":[{"embeddable":true,"href":"https:\/\/nvnoticias.mx\/index.php\/wp-json\/wp\/v2\/users\/8"}],"replies":[{"embeddable":true,"href":"https:\/\/nvnoticias.mx\/index.php\/wp-json\/wp\/v2\/comments?post=142159"}],"version-history":[{"count":1,"href":"https:\/\/nvnoticias.mx\/index.php\/wp-json\/wp\/v2\/posts\/142159\/revisions"}],"predecessor-version":[{"id":142161,"href":"https:\/\/nvnoticias.mx\/index.php\/wp-json\/wp\/v2\/posts\/142159\/revisions\/142161"}],"wp:featuredmedia":[{"embeddable":true,"href":"https:\/\/nvnoticias.mx\/index.php\/wp-json\/wp\/v2\/media\/142160"}],"wp:attachment":[{"href":"https:\/\/nvnoticias.mx\/index.php\/wp-json\/wp\/v2\/media?parent=142159"}],"wp:term":[{"taxonomy":"category","embeddable":true,"href":"https:\/\/nvnoticias.mx\/index.php\/wp-json\/wp\/v2\/categories?post=142159"},{"taxonomy":"post_tag","embeddable":true,"href":"https:\/\/nvnoticias.mx\/index.php\/wp-json\/wp\/v2\/tags?post=142159"}],"curies":[{"name":"wp","href":"https:\/\/api.w.org\/{rel}","templated":true}]}}