{"id":141979,"date":"2024-03-07T13:56:53","date_gmt":"2024-03-07T19:56:53","guid":{"rendered":"https:\/\/nvnoticias.mx\/?p=141979"},"modified":"2024-03-07T13:56:54","modified_gmt":"2024-03-07T19:56:54","slug":"se-reune-josefina-vazquez-mota-con-militantes-del-pan-en-la-zona-conurbada","status":"publish","type":"post","link":"https:\/\/nvnoticias.mx\/index.php\/2024\/03\/07\/se-reune-josefina-vazquez-mota-con-militantes-del-pan-en-la-zona-conurbada\/","title":{"rendered":"Se re\u00fane Josefina V\u00e1zquez Mota con militantes del PAN en la zona conurbada"},"content":{"rendered":"\n<p><strong>Jes\u00fas Utrilla \/ NV Noticias<\/strong><\/p>\n\n\n\n<p>La senadora del Partido Acci\u00f3n Nacional (PAN), Josefina V\u00e1zquez Mota, se reuni\u00f3 con militantes en la zona conurbada Veracruz \u2013 Boca del R\u00edo, en el conservatorio titulado \u201cEl M\u00e9xico que Anhelamos\u201d. <\/p>\n\n\n\n<p>En este encuentro, V\u00e1zquez Mota comparti\u00f3 su visi\u00f3n y propuestas para el futuro del pa\u00eds junto a militantes y simpatizantes.<\/p>\n\n\n\n<p>Durante una entrevista con los medios de comunicaci\u00f3n, la primera candidata a la presidencia de la Rep\u00fablica expres\u00f3 su satisfacci\u00f3n por la posibilidad hist\u00f3rica de que una mujer ocupe la Presidencia del pa\u00eds.<\/p>\n\n\n\n<blockquote class=\"wp-block-quote is-layout-flow wp-block-quote-is-layout-flow\">\n<p>\u201c<em>Me da much\u00edsimo gusto saber que por primera vez habr\u00e1 una mujer en la presidencia de la Rep\u00fablica, me siento muy orgullosa, se est\u00e1 marcando un antes y un despu\u00e9s en la vida democr\u00e1tica de M\u00e9xico y en la historia del pa\u00eds<\/em>\u201d, afirm\u00f3 V\u00e1zquez Mota, destacando la importancia de este momento para la democracia mexicana.<\/p>\n<\/blockquote>\n\n\n\n<p>La senadora tambi\u00e9n hizo hincapi\u00e9 en la singularidad del proceso electoral que se lleva a cabo en M\u00e9xico en 2024, se\u00f1alando que incluso pa\u00edses con una democracia m\u00e1s antigua no han experimentado una elecci\u00f3n como esta. <\/p>\n\n\n\n<p>Adem\u00e1s, record\u00f3 la victoria que el PAN obtuvo en el estado de Veracruz en las elecciones de 2012, subrayando el apoyo y el cari\u00f1o que siempre ha recibido por parte de la poblaci\u00f3n veracruzana.<\/p>\n\n\n\n<blockquote class=\"wp-block-quote is-layout-flow wp-block-quote-is-layout-flow\">\n<p>\u201c<em>Vengo muy contenta a Veracruz, siempre es un estado que me ha recibido con gran entusiasmo y cari\u00f1o. Aqu\u00ed en el a\u00f1o 2012 ganamos por mucho la elecci\u00f3n presidencial<\/em>\u201d.<\/p>\n<\/blockquote>\n\n\n\n<p>El conservatorio, moderado por el analista pol\u00edtico Macario Schettino Y\u00e1\u00f1ez, cont\u00f3 con la participaci\u00f3n de la escritora Guadalupe Loaeza Tovar y la Senadora Indira Rosales San Rom\u00e1n.<\/p>\n\n\n\n<p>El encuentro no solo brind\u00f3 la oportunidad de discutir temas de relevancia nacional, sino que tambi\u00e9n fortaleci\u00f3 los lazos entre la senadora V\u00e1zquez Mota y sus seguidores en Veracruz.<\/p>\n","protected":false},"excerpt":{"rendered":"<p>Jes\u00fas Utrilla \/ NV Noticias La senadora del Partido Acci\u00f3n Nacional (PAN), Josefina V\u00e1zquez Mota, se reuni\u00f3 con militantes en la zona conurbada Veracruz \u2013 Boca del R\u00edo, en el conservatorio titulado \u201cEl M\u00e9xico que Anhelamos\u201d. En este encuentro, V\u00e1zquez Mota comparti\u00f3 su visi\u00f3n y propuestas para el futuro del pa\u00eds junto a militantes y [&hellip;]<\/p>\n","protected":false},"author":8,"featured_media":141980,"comment_status":"open","ping_status":"open","sticky":false,"template":"","format":"standard","meta":{"_monsterinsights_skip_tracking":false,"_monsterinsights_sitenote_active":false,"_monsterinsights_sitenote_note":"","_monsterinsights_sitenote_category":0,"footnotes":""},"categories":[154],"tags":[2129,284],"class_list":["post-141979","post","type-post","status-publish","format-standard","has-post-thumbnail","hentry","category-veracruz","tag-josefina-vazquez-mota","tag-pan","wp-image-borders"],"amp_enabled":true,"_links":{"self":[{"href":"https:\/\/nvnoticias.mx\/index.php\/wp-json\/wp\/v2\/posts\/141979","targetHints":{"allow":["GET"]}}],"collection":[{"href":"https:\/\/nvnoticias.mx\/index.php\/wp-json\/wp\/v2\/posts"}],"about":[{"href":"https:\/\/nvnoticias.mx\/index.php\/wp-json\/wp\/v2\/types\/post"}],"author":[{"embeddable":true,"href":"https:\/\/nvnoticias.mx\/index.php\/wp-json\/wp\/v2\/users\/8"}],"replies":[{"embeddable":true,"href":"https:\/\/nvnoticias.mx\/index.php\/wp-json\/wp\/v2\/comments?post=141979"}],"version-history":[{"count":1,"href":"https:\/\/nvnoticias.mx\/index.php\/wp-json\/wp\/v2\/posts\/141979\/revisions"}],"predecessor-version":[{"id":141981,"href":"https:\/\/nvnoticias.mx\/index.php\/wp-json\/wp\/v2\/posts\/141979\/revisions\/141981"}],"wp:featuredmedia":[{"embeddable":true,"href":"https:\/\/nvnoticias.mx\/index.php\/wp-json\/wp\/v2\/media\/141980"}],"wp:attachment":[{"href":"https:\/\/nvnoticias.mx\/index.php\/wp-json\/wp\/v2\/media?parent=141979"}],"wp:term":[{"taxonomy":"category","embeddable":true,"href":"https:\/\/nvnoticias.mx\/index.php\/wp-json\/wp\/v2\/categories?post=141979"},{"taxonomy":"post_tag","embeddable":true,"href":"https:\/\/nvnoticias.mx\/index.php\/wp-json\/wp\/v2\/tags?post=141979"}],"curies":[{"name":"wp","href":"https:\/\/api.w.org\/{rel}","templated":true}]}}