{"id":14192,"date":"2021-05-24T16:41:29","date_gmt":"2021-05-24T21:41:29","guid":{"rendered":"https:\/\/nvnoticias.mx\/?p=14192"},"modified":"2021-05-24T16:45:18","modified_gmt":"2021-05-24T21:45:18","slug":"rescatan-a-214-migrantes-en-7-municipios-de-veracruz-hay-11-detenidos","status":"publish","type":"post","link":"https:\/\/nvnoticias.mx\/index.php\/2021\/05\/24\/rescatan-a-214-migrantes-en-7-municipios-de-veracruz-hay-11-detenidos\/","title":{"rendered":"Rescatan a 214 migrantes en 7 municipios de Veracruz; hay 11 detenidos"},"content":{"rendered":"\n<p><strong>NV Noticias <\/strong><\/p>\n\n\n\n<p>La Secretar\u00eda de Seguridad P\u00fablica (SSP) inform\u00f3 en un comunicado del rescate de 214 migrantes en 7 municipios de Veracruz, adem\u00e1s de la detenci\u00f3n de 11 detenidos.<\/p>\n\n\n\n<p>A continuaci\u00f3n el comunicado:<\/p>\n\n\n\n<p>Del 1 al 23 de mayo, la Secretar\u00eda de Seguridad P\u00fablica del Estado (SSP) resguard\u00f3 a 214 migrantes procedentes de \u00c1frica, Cuba, Chile, Guatemala, El Salvador, Hait\u00ed, Honduras y Nicaragua, en los municipios de Agua Dulce, Acayucan, Coatzacoalcos, Cosamaloapan, Las Choapas, J\u00e1ltipan y Minatitl\u00e1n; entre los rescatados hay 75 menores de edad.<\/p>\n\n\n\n<p>Como resultado del Operativo Coordinado Interestatal Veracruz-Tabasco, implementado en la carretera Costera del Golfo Veracruz-Tonal\u00e1, en el municipio de Agua Dulce, elementos de la Polic\u00eda Estatal y Fuerza Civil, en coordinaci\u00f3n con la Guardia Nacional, Polic\u00eda Estatal de Tabasco e Instituto Nacional de Migraci\u00f3n (INM), localizaron a 116 migrantes.<\/p>\n\n\n\n<p>En los municipios de Acayucan, Coatzacoalcos, Cosamaloapan, Las Choapas, J\u00e1ltipan y Minatitl\u00e1n resguardaron a 98 personas extranjeras; mientras que Agust\u00edn \u201cN\u201d, V\u00edctor Antonio \u201cN\u201d, Ernesto Alejandro \u201cN\u201d, Mar\u00eda del Carmen \u201cN\u201d, Arturo Israel \u201cN\u201d, Faustino \u201cN\u201d, Crist\u00f3bal \u201cN\u201d, Gualberto \u201cN\u201d, Jos\u00e9 Fernando \u201cN\u201d, Henry de Jes\u00fas \u201cN\u201d y Jorge Manuel \u201cN\u201d fueron detenidos por su presunta responsabilidad en el delito de tr\u00e1fico de personas; asimismo fueron aseguradas 10 unidades vehiculares.<\/p>\n\n\n\n<p>A las personas resguardadas se les brind\u00f3 atenci\u00f3n m\u00e9dica y alimentaci\u00f3n; luego fueron canalizadas al Instituto Nacional de Migraci\u00f3n (INM) para determinar su situaci\u00f3n en el pa\u00eds.<\/p>\n","protected":false},"excerpt":{"rendered":"<p>NV Noticias La Secretar\u00eda de Seguridad P\u00fablica (SSP) inform\u00f3 en un comunicado del rescate de 214 migrantes en 7 municipios de Veracruz, adem\u00e1s de la detenci\u00f3n de 11 detenidos. A continuaci\u00f3n el comunicado: Del 1 al 23 de mayo, la Secretar\u00eda de Seguridad P\u00fablica del Estado (SSP) resguard\u00f3 a 214 migrantes procedentes de \u00c1frica, Cuba, [&hellip;]<\/p>\n","protected":false},"author":6,"featured_media":5233,"comment_status":"open","ping_status":"open","sticky":false,"template":"","format":"standard","meta":{"_monsterinsights_skip_tracking":false,"_monsterinsights_sitenote_active":false,"_monsterinsights_sitenote_note":"","_monsterinsights_sitenote_category":0,"footnotes":""},"categories":[156],"tags":[788,452,1521],"class_list":["post-14192","post","type-post","status-publish","format-standard","has-post-thumbnail","hentry","category-estado","tag-detenidos","tag-migrantes","tag-rescate","wp-image-borders"],"amp_enabled":true,"_links":{"self":[{"href":"https:\/\/nvnoticias.mx\/index.php\/wp-json\/wp\/v2\/posts\/14192","targetHints":{"allow":["GET"]}}],"collection":[{"href":"https:\/\/nvnoticias.mx\/index.php\/wp-json\/wp\/v2\/posts"}],"about":[{"href":"https:\/\/nvnoticias.mx\/index.php\/wp-json\/wp\/v2\/types\/post"}],"author":[{"embeddable":true,"href":"https:\/\/nvnoticias.mx\/index.php\/wp-json\/wp\/v2\/users\/6"}],"replies":[{"embeddable":true,"href":"https:\/\/nvnoticias.mx\/index.php\/wp-json\/wp\/v2\/comments?post=14192"}],"version-history":[{"count":1,"href":"https:\/\/nvnoticias.mx\/index.php\/wp-json\/wp\/v2\/posts\/14192\/revisions"}],"predecessor-version":[{"id":14193,"href":"https:\/\/nvnoticias.mx\/index.php\/wp-json\/wp\/v2\/posts\/14192\/revisions\/14193"}],"wp:featuredmedia":[{"embeddable":true,"href":"https:\/\/nvnoticias.mx\/index.php\/wp-json\/wp\/v2\/media\/5233"}],"wp:attachment":[{"href":"https:\/\/nvnoticias.mx\/index.php\/wp-json\/wp\/v2\/media?parent=14192"}],"wp:term":[{"taxonomy":"category","embeddable":true,"href":"https:\/\/nvnoticias.mx\/index.php\/wp-json\/wp\/v2\/categories?post=14192"},{"taxonomy":"post_tag","embeddable":true,"href":"https:\/\/nvnoticias.mx\/index.php\/wp-json\/wp\/v2\/tags?post=14192"}],"curies":[{"name":"wp","href":"https:\/\/api.w.org\/{rel}","templated":true}]}}