{"id":141825,"date":"2024-03-06T12:25:27","date_gmt":"2024-03-06T18:25:27","guid":{"rendered":"https:\/\/nvnoticias.mx\/?p=141825"},"modified":"2024-03-06T12:25:28","modified_gmt":"2024-03-06T18:25:28","slug":"se-viraliza-transito-de-boca-del-rio-que-ayudo-a-personas-con-discapacidad","status":"publish","type":"post","link":"https:\/\/nvnoticias.mx\/index.php\/2024\/03\/06\/se-viraliza-transito-de-boca-del-rio-que-ayudo-a-personas-con-discapacidad\/","title":{"rendered":"Se viraliza tr\u00e1nsito de Boca del R\u00edo que ayud\u00f3 a personas con discapacidad"},"content":{"rendered":"\n<p><strong>Jes\u00fas Utrilla \/ NV Noticias<\/strong><\/p>\n\n\n\n<p>A trav\u00e9s de redes sociales se viraliz\u00f3 el video de una joven agente vial que ayud\u00f3 a una persona en silla de ruedas a cruzar la calle, pese al intenso tr\u00e1nsito que hab\u00eda en el bulevar Miguel Alem\u00e1n, justo a la altura de la base de Bomberos.<\/p>\n\n\n\n<p>Lizeth Bola\u00f1os Mendoza, relat\u00f3 que los hechos ocurrieron este martes 5 de marzo, ya que debido al cierre de vialidades por la reparaci\u00f3n del puente de El Dorado, hay m\u00e1s apoyo en los cruceros para dar fluidez a los automovilistas.<\/p>\n\n\n\n<blockquote class=\"wp-block-quote is-layout-flow wp-block-quote-is-layout-flow\">\n<p><em>&#8220;Nosotros estamos cubriendo dos servicios, que es el de El Dorado y el del Tianguis para tratar de que se fluya m\u00e1s la vialidad y tambi\u00e9n darle el paso al peat\u00f3n. Yo estoy viendo que va fluyendo bien la vialidad, cuando me doy cuenta y me percato que la persona viene en la banqueta y viene en silla de ruedas y obvio tiene una discapacidad. Entonces, creo que tambi\u00e9n los veh\u00edculos entendieron de que yo me ten\u00eda que quitar de donde estaba para irlo a apoyar&#8221;, <\/em>dijo en entrevista.<\/p>\n<\/blockquote>\n\n\n\n<p>La agente vial reconoci\u00f3 que la ciudadan\u00eda no tiene una buena percepci\u00f3n de los tr\u00e1nsitos, ya que la mayor\u00eda considera que cuando los detienen por alguna situaci\u00f3n es porque les van a dar una infracci\u00f3n; sin embargo, muchas veces es para darles alguna advertencia, pues la intenci\u00f3n es disminuir los accidentes.<\/p>\n\n\n\n<blockquote class=\"wp-block-quote is-layout-flow wp-block-quote-is-layout-flow\">\n<p><em>&#8220;Obvio que nadie le gusta que le hagan una infracci\u00f3n, pero siento que en base a eso ha bajado bastante lo que es los accidentes, se ha hecho m\u00e1s fluidez de esa parte de El Dorado que sale a todo bulevar Miguel Alem\u00e1n. Entonces yo digo, si no existi\u00e9ramos nosotros, imag\u00ednate que a\u00fan as\u00ed siguen pasando accidentes, \u00bfque ser\u00eda?, se ha bajado tambi\u00e9n el \u00edndice de velocidad bastante, y nada, yo siento que ayudar a la ciudadan\u00eda es parte de mi trabajo&#8221;, <\/em>puntualiz\u00f3<em>.<\/em><\/p>\n<\/blockquote>\n\n\n\n<p>La joven quien lleva 4 a\u00f1os en la corporaci\u00f3n de Tr\u00e1nsito Municipal de Boca del R\u00edo, reconoci\u00f3 que su labor no ha sido f\u00e1cil, sobre todo porque es un empleo que antes no se le daba a las mujeres.<\/p>\n\n\n\n<blockquote class=\"wp-block-quote is-layout-flow wp-block-quote-is-layout-flow\">\n<p><em>&#8220;No ha sido f\u00e1cil porque la mujer antes no ten\u00eda cargos en ciertos trabajos, de hecho donde yo estoy si acaso seremos cuatro mujeres y los dem\u00e1s son hombres, en parte las personas dicen &#8216;pues s\u00ed, porque la mujer es m\u00e1s tolerante, m\u00e1s d\u00f3cil un car\u00e1cter m\u00e1s flexible que lo que es un var\u00f3n&#8217; (&#8230;) en lo particular conmigo no tanto, yo creo que por la parte de ser mujer, pero si no falta la persona que no mide sus comentarios&#8221;, <\/em>culmin\u00f3.<\/p>\n<\/blockquote>\n","protected":false},"excerpt":{"rendered":"<p>Jes\u00fas Utrilla \/ NV Noticias A trav\u00e9s de redes sociales se viraliz\u00f3 el video de una joven agente vial que ayud\u00f3 a una persona en silla de ruedas a cruzar la calle, pese al intenso tr\u00e1nsito que hab\u00eda en el bulevar Miguel Alem\u00e1n, justo a la altura de la base de Bomberos. Lizeth Bola\u00f1os Mendoza, [&hellip;]<\/p>\n","protected":false},"author":8,"featured_media":141826,"comment_status":"open","ping_status":"open","sticky":false,"template":"","format":"standard","meta":{"_monsterinsights_skip_tracking":false,"_monsterinsights_sitenote_active":false,"_monsterinsights_sitenote_note":"","_monsterinsights_sitenote_category":0,"footnotes":""},"categories":[154],"tags":[1068,305,640],"class_list":["post-141825","post","type-post","status-publish","format-standard","has-post-thumbnail","hentry","category-veracruz","tag-discapacidad","tag-transito","tag-viral","wp-image-borders"],"amp_enabled":true,"_links":{"self":[{"href":"https:\/\/nvnoticias.mx\/index.php\/wp-json\/wp\/v2\/posts\/141825","targetHints":{"allow":["GET"]}}],"collection":[{"href":"https:\/\/nvnoticias.mx\/index.php\/wp-json\/wp\/v2\/posts"}],"about":[{"href":"https:\/\/nvnoticias.mx\/index.php\/wp-json\/wp\/v2\/types\/post"}],"author":[{"embeddable":true,"href":"https:\/\/nvnoticias.mx\/index.php\/wp-json\/wp\/v2\/users\/8"}],"replies":[{"embeddable":true,"href":"https:\/\/nvnoticias.mx\/index.php\/wp-json\/wp\/v2\/comments?post=141825"}],"version-history":[{"count":1,"href":"https:\/\/nvnoticias.mx\/index.php\/wp-json\/wp\/v2\/posts\/141825\/revisions"}],"predecessor-version":[{"id":141827,"href":"https:\/\/nvnoticias.mx\/index.php\/wp-json\/wp\/v2\/posts\/141825\/revisions\/141827"}],"wp:featuredmedia":[{"embeddable":true,"href":"https:\/\/nvnoticias.mx\/index.php\/wp-json\/wp\/v2\/media\/141826"}],"wp:attachment":[{"href":"https:\/\/nvnoticias.mx\/index.php\/wp-json\/wp\/v2\/media?parent=141825"}],"wp:term":[{"taxonomy":"category","embeddable":true,"href":"https:\/\/nvnoticias.mx\/index.php\/wp-json\/wp\/v2\/categories?post=141825"},{"taxonomy":"post_tag","embeddable":true,"href":"https:\/\/nvnoticias.mx\/index.php\/wp-json\/wp\/v2\/tags?post=141825"}],"curies":[{"name":"wp","href":"https:\/\/api.w.org\/{rel}","templated":true}]}}