{"id":141771,"date":"2024-03-06T10:25:49","date_gmt":"2024-03-06T16:25:49","guid":{"rendered":"https:\/\/nvnoticias.mx\/?p=141771"},"modified":"2024-03-06T10:25:50","modified_gmt":"2024-03-06T16:25:50","slug":"gobierno-de-amlo-pide-al-ine-y-televisa-que-revise-declaraciones-de-jorge-castaneda","status":"publish","type":"post","link":"https:\/\/nvnoticias.mx\/index.php\/2024\/03\/06\/gobierno-de-amlo-pide-al-ine-y-televisa-que-revise-declaraciones-de-jorge-castaneda\/","title":{"rendered":"Gobierno de AMLO pide al INE y Televisa que revise declaraciones de Jorge Casta\u00f1eda"},"content":{"rendered":"\n<p><strong>Elizabeth Garc\u00eda Vilchis<\/strong>, presentadora de la secci\u00f3n&nbsp;<em>Qui\u00e9n es qui\u00e9n en las mentiras de la semana<\/em>, pidi\u00f3 que se revisen las declaraciones que realiz\u00f3&nbsp;<strong>Jorge Casta\u00f1eda<\/strong>, exsecretario de Relaciones Exteriores con&nbsp;<strong>Vicente Fox,<\/strong>&nbsp;por sus pronunciamientos sobre la \u2018<strong>guerra sucia<\/strong>\u2019 en contra de&nbsp;<strong>Claudia Sheinbaum<\/strong>.<\/p>\n\n\n\n<p>Te puede interesar:<strong>AMLO reacciona a \u2018compromiso por la paz\u2019 de la iglesia cat\u00f3lica para enfrentar al crimen organizado: \u201cLo respeto\u201d<\/strong><\/p>\n\n\n\n<p>Durante La Ma\u00f1anera de este mi\u00e9rcoles, la secci\u00f3n que conduce Garc\u00eda Vilchis lanz\u00f3 un llamado al<strong>&nbsp;Instituto Nacional Electoral (INE)&nbsp;<\/strong>y a&nbsp;<strong>Televisa&nbsp;<\/strong>para que haga una revisi\u00f3n del programa en el que el exfuncionario realiz\u00f3 declaraciones en torno a las campa\u00f1as presidenciales.<\/p>\n\n\n\n<p>Y es que en sus comentarios para el programa<em>\u00a0Es Hora de Opinar<\/em>\u00a0conducido por Leo Zuckermann en Foro TV, Jorge Casta\u00f1eda indic\u00f3 que desde su opini\u00f3n a\u00fan no se \u201ccomplementa\u201d una<strong>\u00a0guerra sucia\u00a0<\/strong>contra Claudia Sheinbaum.<\/p>\n\n\n\n<p>Aunque precis\u00f3 que no es algo que \u00e9l est\u00e9 proponiendo que se haga, dijo que lo l\u00f3gico y lo que dice el manual de cara a la campa\u00f1a es lanzarse en contra de\u00a0<strong>Claudia Sheinbaum<\/strong>.<\/p>\n\n\n\n<blockquote class=\"wp-block-quote is-layout-flow wp-block-quote-is-layout-flow\">\n<p>\u201cMe parece l\u00f3gico, el manual es ahorita&nbsp;<em>Go Negative<\/em>&nbsp;con Claudia, no con L\u00f3pez Obrador, o tambi\u00e9n con L\u00f3pez Obrador, pero ya con investigaci\u00f3n de oposici\u00f3n,&nbsp;<strong>con chismes<\/strong>, con todo\u201d, indic\u00f3 el exfuncionario durante el sexenio de Vicente Fox.<\/p>\n<\/blockquote>\n\n\n\n<p>Al respecto, Elizabeth Garc\u00eda Vilchis critic\u00f3 que el INE ha sancionado a La Ma\u00f1anera por manifestaciones que se realizan en ella, algo que consider\u00f3 es censura y contrario a la libertad de expresi\u00f3n: \u201c<strong>Nos tiene hipervigilados\u201d<\/strong>.<\/p>\n\n\n\n<p>Fuente: <a href=\"https:\/\/www.infobae.com\/mexico\/2024\/03\/06\/gobierno-de-amlo-pide-al-ine-y-televisa-que-revise-declaraciones-de-jorge-castaneda-sobre-guerra-sucia-con-chismes-contra-sheinbaum\/\" data-type=\"link\" data-id=\"https:\/\/www.infobae.com\/mexico\/2024\/03\/06\/gobierno-de-amlo-pide-al-ine-y-televisa-que-revise-declaraciones-de-jorge-castaneda-sobre-guerra-sucia-con-chismes-contra-sheinbaum\/\">El Universal<\/a> <\/p>\n","protected":false},"excerpt":{"rendered":"<p>Elizabeth Garc\u00eda Vilchis, presentadora de la secci\u00f3n&nbsp;Qui\u00e9n es qui\u00e9n en las mentiras de la semana, pidi\u00f3 que se revisen las declaraciones que realiz\u00f3&nbsp;Jorge Casta\u00f1eda, exsecretario de Relaciones Exteriores con&nbsp;Vicente Fox,&nbsp;por sus pronunciamientos sobre la \u2018guerra sucia\u2019 en contra de&nbsp;Claudia Sheinbaum. Te puede interesar:AMLO reacciona a \u2018compromiso por la paz\u2019 de la iglesia cat\u00f3lica para enfrentar [&hellip;]<\/p>\n","protected":false},"author":35,"featured_media":141776,"comment_status":"open","ping_status":"open","sticky":false,"template":"","format":"standard","meta":{"_monsterinsights_skip_tracking":false,"_monsterinsights_sitenote_active":false,"_monsterinsights_sitenote_note":"","_monsterinsights_sitenote_category":0,"footnotes":""},"categories":[157],"tags":[188,299,4057],"class_list":["post-141771","post","type-post","status-publish","format-standard","has-post-thumbnail","hentry","category-nacional","tag-amlo","tag-gobierno","tag-televisa","wp-image-borders"],"amp_enabled":true,"_links":{"self":[{"href":"https:\/\/nvnoticias.mx\/index.php\/wp-json\/wp\/v2\/posts\/141771","targetHints":{"allow":["GET"]}}],"collection":[{"href":"https:\/\/nvnoticias.mx\/index.php\/wp-json\/wp\/v2\/posts"}],"about":[{"href":"https:\/\/nvnoticias.mx\/index.php\/wp-json\/wp\/v2\/types\/post"}],"author":[{"embeddable":true,"href":"https:\/\/nvnoticias.mx\/index.php\/wp-json\/wp\/v2\/users\/35"}],"replies":[{"embeddable":true,"href":"https:\/\/nvnoticias.mx\/index.php\/wp-json\/wp\/v2\/comments?post=141771"}],"version-history":[{"count":5,"href":"https:\/\/nvnoticias.mx\/index.php\/wp-json\/wp\/v2\/posts\/141771\/revisions"}],"predecessor-version":[{"id":141777,"href":"https:\/\/nvnoticias.mx\/index.php\/wp-json\/wp\/v2\/posts\/141771\/revisions\/141777"}],"wp:featuredmedia":[{"embeddable":true,"href":"https:\/\/nvnoticias.mx\/index.php\/wp-json\/wp\/v2\/media\/141776"}],"wp:attachment":[{"href":"https:\/\/nvnoticias.mx\/index.php\/wp-json\/wp\/v2\/media?parent=141771"}],"wp:term":[{"taxonomy":"category","embeddable":true,"href":"https:\/\/nvnoticias.mx\/index.php\/wp-json\/wp\/v2\/categories?post=141771"},{"taxonomy":"post_tag","embeddable":true,"href":"https:\/\/nvnoticias.mx\/index.php\/wp-json\/wp\/v2\/tags?post=141771"}],"curies":[{"name":"wp","href":"https:\/\/api.w.org\/{rel}","templated":true}]}}