{"id":141736,"date":"2024-03-05T14:24:40","date_gmt":"2024-03-05T20:24:40","guid":{"rendered":"https:\/\/nvnoticias.mx\/?p=141736"},"modified":"2024-03-05T14:24:56","modified_gmt":"2024-03-05T20:24:56","slug":"va-corte-por-eliminar-arraigo-y-prision-automatica","status":"publish","type":"post","link":"https:\/\/nvnoticias.mx\/index.php\/2024\/03\/05\/va-corte-por-eliminar-arraigo-y-prision-automatica\/","title":{"rendered":"Va Corte por eliminar arraigo y prisi\u00f3n autom\u00e1tica"},"content":{"rendered":"\n<p>La Suprema Corte de Justicia de la Naci\u00f3n (SCJN) analizar\u00e1 un proyecto que propone no s\u00f3lo inaplicar la prisi\u00f3n preventiva oficiosa, sino tambi\u00e9n negar las \u00f3rdenes de arraigo y que, en los casos donde se denuncie tortura se ordene una investigaci\u00f3n independiente donde no participen las autoridades penitenciarias ni de detenci\u00f3n.<\/p>\n\n\n\n<p>En caso de aprobarse la propuesta, \u00e9sta tendr\u00e1 efectos generales, por lo que deber\u00e1 ser acatada por todos los jueces del pa\u00eds, tanto del fuero com\u00fan como del federal.<\/p>\n\n\n\n<p>Fuentes judiciales revelaron que el ministro Jorge Mario Pardo Rebolledo present\u00f3 a sus hom\u00f3logos el proyecto donde se propone la forma en que el Poder Judicial de la Federaci\u00f3n (PJF) debe participar en el cumplimiento de la sentencia condenatoria emitida por la Corte Interamericana de Derechos Humanos (Corte IDH) en el caso Garc\u00eda Rodr\u00edguez y otro vs. M\u00e9xico.<\/p>\n\n\n\n<p>Pardo Rebolledo deja claro que \u201cno se puede hacer ning\u00fan pronunciamiento que cuestione la validez de lo resuelto por la Corte IDH, ya que para el Estado Mexicano dichas sentencias constituyen cosa juzgada y, por ende, lo \u00fanico procedente es acatar y reconocer la totalidad de la sentencia en sus t\u00e9rminos\u201d.<\/p>\n\n\n\n<p>La Corte IDH determin\u00f3 que, el Estado Mexicano result\u00f3 internacionalmente responsable por la inobservancia de la Convenci\u00f3n Americana sobre Derechos Humanos, por establecer destacadamente a nivel constitucional las figuras de arraigo y prisi\u00f3n preventiva oficiosa.<\/p>\n\n\n\n<p>Asimismo, estableci\u00f3, por una parte, dejar sin efectos, en el ordenamiento jur\u00eddico, toda la normatividad, incluyendo la constitucional, relacionada con el arraigo, y por otra adecuar su ordenamiento jur\u00eddico, incluyendo sus disposiciones constitucionales que prev\u00e9n a la prisi\u00f3n preventiva oficiosa, para que sea compatible con la Convenci\u00f3n Americana.<\/p>\n\n\n\n<p>Fuente: <a href=\"https:\/\/www.milenio.com\/policia\/scjn-analizara-proyecto-prision-preventiva-ordenes-arraigo\" data-type=\"link\" data-id=\"https:\/\/www.milenio.com\/policia\/scjn-analizara-proyecto-prision-preventiva-ordenes-arraigo\">Milenio<\/a><\/p>\n\n\n\n<p><br><\/p>\n","protected":false},"excerpt":{"rendered":"<p>La Suprema Corte de Justicia de la Naci\u00f3n (SCJN) analizar\u00e1 un proyecto que propone no s\u00f3lo inaplicar la prisi\u00f3n preventiva oficiosa, sino tambi\u00e9n negar las \u00f3rdenes de arraigo y que, en los casos donde se denuncie tortura se ordene una investigaci\u00f3n independiente donde no participen las autoridades penitenciarias ni de detenci\u00f3n. En caso de aprobarse [&hellip;]<\/p>\n","protected":false},"author":35,"featured_media":53418,"comment_status":"open","ping_status":"open","sticky":false,"template":"","format":"standard","meta":{"_monsterinsights_skip_tracking":false,"_monsterinsights_sitenote_active":false,"_monsterinsights_sitenote_note":"","_monsterinsights_sitenote_category":0,"footnotes":""},"categories":[158],"tags":[7727,10072,162,29560],"class_list":["post-141736","post","type-post","status-publish","format-standard","has-post-thumbnail","hentry","category-politica","tag-corte","tag-eliminar","tag-portada","tag-prision-automatica","wp-image-borders"],"amp_enabled":true,"_links":{"self":[{"href":"https:\/\/nvnoticias.mx\/index.php\/wp-json\/wp\/v2\/posts\/141736","targetHints":{"allow":["GET"]}}],"collection":[{"href":"https:\/\/nvnoticias.mx\/index.php\/wp-json\/wp\/v2\/posts"}],"about":[{"href":"https:\/\/nvnoticias.mx\/index.php\/wp-json\/wp\/v2\/types\/post"}],"author":[{"embeddable":true,"href":"https:\/\/nvnoticias.mx\/index.php\/wp-json\/wp\/v2\/users\/35"}],"replies":[{"embeddable":true,"href":"https:\/\/nvnoticias.mx\/index.php\/wp-json\/wp\/v2\/comments?post=141736"}],"version-history":[{"count":1,"href":"https:\/\/nvnoticias.mx\/index.php\/wp-json\/wp\/v2\/posts\/141736\/revisions"}],"predecessor-version":[{"id":141737,"href":"https:\/\/nvnoticias.mx\/index.php\/wp-json\/wp\/v2\/posts\/141736\/revisions\/141737"}],"wp:featuredmedia":[{"embeddable":true,"href":"https:\/\/nvnoticias.mx\/index.php\/wp-json\/wp\/v2\/media\/53418"}],"wp:attachment":[{"href":"https:\/\/nvnoticias.mx\/index.php\/wp-json\/wp\/v2\/media?parent=141736"}],"wp:term":[{"taxonomy":"category","embeddable":true,"href":"https:\/\/nvnoticias.mx\/index.php\/wp-json\/wp\/v2\/categories?post=141736"},{"taxonomy":"post_tag","embeddable":true,"href":"https:\/\/nvnoticias.mx\/index.php\/wp-json\/wp\/v2\/tags?post=141736"}],"curies":[{"name":"wp","href":"https:\/\/api.w.org\/{rel}","templated":true}]}}