{"id":141613,"date":"2024-03-04T14:40:30","date_gmt":"2024-03-04T20:40:30","guid":{"rendered":"https:\/\/nvnoticias.mx\/?p=141613"},"modified":"2024-03-04T14:40:31","modified_gmt":"2024-03-04T20:40:31","slug":"la-zona-sur-de-veracruz-se-convirtio-en-foco-rojo-para-el-transporte-de-carga","status":"publish","type":"post","link":"https:\/\/nvnoticias.mx\/index.php\/2024\/03\/04\/la-zona-sur-de-veracruz-se-convirtio-en-foco-rojo-para-el-transporte-de-carga\/","title":{"rendered":"La zona sur de Veracruz se convirti\u00f3 en foco rojo para el transporte de carga"},"content":{"rendered":"\n<p><strong>Jes\u00fas Utrilla \/ NV Noticias<\/strong><\/p>\n\n\n\n<p>La zona de Coatzacoalcos ahora es foco rojo para el transporte de carga se\u00f1al\u00f3 Miguelina L\u00f3pez Hern\u00e1ndez, delegada de la C\u00e1mara Nacional de Autotransporte de Carga (Canacar) en Veracruz. <\/p>\n\n\n\n<p>Los robos de unidades o mercanc\u00edas en carreteras, los asaltos, los maltrato y la muerte es a lo que se enfrentan los operadores del transporte pesado en las carreteras del pa\u00eds en los meses de enero y febrero de este a\u00f1o.<\/p>\n\n\n\n<p>Explic\u00f3 que en carreteras de Coatzacoalcos, las Choapas y otras de la regi\u00f3n sur reportan robo de camiones y de la mercanc\u00eda. Com\u00fanmente asaltan a los conductores cuando bajan a comer, est\u00e1n descansando, o utilizando los sanitarios.<\/p>\n\n\n\n<blockquote class=\"wp-block-quote is-layout-flow wp-block-quote-is-layout-flow\"><p>\u201c<em>Es muy reciente yo he tenido conocimiento de dos o tres robos, pero habitualmente no se dan, no se daba la desaparici\u00f3n de cargas, es algo nuevo que se est\u00e1 desarrollando en esta zona<\/em>\u201d.<\/p><\/blockquote>\n\n\n\n<p>Adem\u00e1s de la carga se llevan las unidades, por ello trabajan con autoridades federales y estatales. Hacia Puebla tambi\u00e9n se mantienen los atracos, sobre todo en las Cumbres de Maltrata. Destac\u00f3 que, en estos asaltos violentos, los choferes son lastimados f\u00edsicamente e intimidados, pero afortunadamente en el estado de Veracruz, no se reportan p\u00e9rdida de vidas en lo que va del presente a\u00f1o.<\/p>\n\n\n\n<blockquote class=\"wp-block-quote is-layout-flow wp-block-quote-is-layout-flow\"><p>\u201c<em>S\u00ed es reciente, bueno lo de la delincuencia en las Cumbres de Maltrata, ya es una constante, lo de la zona Sur, s\u00ed porque generalmente no est\u00e1bamos teniendo y ahora si estamos teniendo, tenemos desaparici\u00f3n de los camiones y desaparici\u00f3n de la carga, estamos trabajando en ello para ver qu\u00e9 es lo que est\u00e1 pasando porque habitualmente no estaba siendo afectada la zona sur<\/em>\u201d.<\/p><\/blockquote>\n\n\n\n<p>Agreg\u00f3 que principalmente en estados como Oaxaca, Chiapas y Puebla, es donde m\u00e1s robo de unidades reportan.<\/p>\n","protected":false},"excerpt":{"rendered":"<p>Jes\u00fas Utrilla \/ NV Noticias La zona de Coatzacoalcos ahora es foco rojo para el transporte de carga se\u00f1al\u00f3 Miguelina L\u00f3pez Hern\u00e1ndez, delegada de la C\u00e1mara Nacional de Autotransporte de Carga (Canacar) en Veracruz. Los robos de unidades o mercanc\u00edas en carreteras, los asaltos, los maltrato y la muerte es a lo que se enfrentan [&hellip;]<\/p>\n","protected":false},"author":8,"featured_media":141614,"comment_status":"open","ping_status":"open","sticky":false,"template":"","format":"standard","meta":{"_monsterinsights_skip_tracking":false,"_monsterinsights_sitenote_active":false,"_monsterinsights_sitenote_note":"","_monsterinsights_sitenote_category":0,"footnotes":""},"categories":[154],"tags":[4035,180,4177],"class_list":["post-141613","post","type-post","status-publish","format-standard","has-post-thumbnail","hentry","category-veracruz","tag-transporte-de-carga","tag-veracruz","tag-zona-sur","wp-image-borders"],"amp_enabled":true,"_links":{"self":[{"href":"https:\/\/nvnoticias.mx\/index.php\/wp-json\/wp\/v2\/posts\/141613","targetHints":{"allow":["GET"]}}],"collection":[{"href":"https:\/\/nvnoticias.mx\/index.php\/wp-json\/wp\/v2\/posts"}],"about":[{"href":"https:\/\/nvnoticias.mx\/index.php\/wp-json\/wp\/v2\/types\/post"}],"author":[{"embeddable":true,"href":"https:\/\/nvnoticias.mx\/index.php\/wp-json\/wp\/v2\/users\/8"}],"replies":[{"embeddable":true,"href":"https:\/\/nvnoticias.mx\/index.php\/wp-json\/wp\/v2\/comments?post=141613"}],"version-history":[{"count":1,"href":"https:\/\/nvnoticias.mx\/index.php\/wp-json\/wp\/v2\/posts\/141613\/revisions"}],"predecessor-version":[{"id":141615,"href":"https:\/\/nvnoticias.mx\/index.php\/wp-json\/wp\/v2\/posts\/141613\/revisions\/141615"}],"wp:featuredmedia":[{"embeddable":true,"href":"https:\/\/nvnoticias.mx\/index.php\/wp-json\/wp\/v2\/media\/141614"}],"wp:attachment":[{"href":"https:\/\/nvnoticias.mx\/index.php\/wp-json\/wp\/v2\/media?parent=141613"}],"wp:term":[{"taxonomy":"category","embeddable":true,"href":"https:\/\/nvnoticias.mx\/index.php\/wp-json\/wp\/v2\/categories?post=141613"},{"taxonomy":"post_tag","embeddable":true,"href":"https:\/\/nvnoticias.mx\/index.php\/wp-json\/wp\/v2\/tags?post=141613"}],"curies":[{"name":"wp","href":"https:\/\/api.w.org\/{rel}","templated":true}]}}