{"id":141607,"date":"2024-03-04T14:30:45","date_gmt":"2024-03-04T20:30:45","guid":{"rendered":"https:\/\/nvnoticias.mx\/?p=141607"},"modified":"2024-03-04T14:30:46","modified_gmt":"2024-03-04T20:30:46","slug":"alvarez-maynez-niega-distanciamiento-con-enrique-alfaro","status":"publish","type":"post","link":"https:\/\/nvnoticias.mx\/index.php\/2024\/03\/04\/alvarez-maynez-niega-distanciamiento-con-enrique-alfaro\/","title":{"rendered":"\u00c1lvarez M\u00e1ynez niega distanciamiento con Enrique Alfaro"},"content":{"rendered":"\n<p><a href=\"https:\/\/www.eluniversal.com.mx\/nacion\/enrique-alfaro-yo-no-soy-fosfo-fosfo-soy-un-politico-serio-da-raspon-a-samuel-garcia\/\" target=\"_blank\" rel=\"noreferrer noopener\"><strong>Jorge \u00c1lvarez M\u00e1ynez<\/strong><\/a>, candidato presidencial de Movimiento Ciudadano (MC), neg\u00f3 los rumores de ruptura con Grupo Jalisco al asegurar que mantiene el di\u00e1logo con&nbsp;<a href=\"https:\/\/www.eluniversal.com.mx\/nacion\/enrique-alfaro-yo-no-soy-fosfo-fosfo-soy-un-politico-serio-da-raspon-a-samuel-garcia\/\" target=\"_blank\" rel=\"noreferrer noopener\"><strong>Enrique Alfaro<\/strong><\/a>, gobernador de la entidad, pese a su ausencia en su arranque de campa\u00f1a en Lagos de Moreno y hoy en el Instituto Tecnol\u00f3gico y de Estudios Superiores de Occidente, de Guadalajara.<\/p>\n\n\n\n<p>El abanderado de MC declar\u00f3 a la prensa que, contrario a la informaci\u00f3n difundida por medios locales acerca de que de emecistas jaliscienses no respaldan sus aspiraciones presidenciales, \u00e9l se siente cobijado y es cercano a ellos.<\/p>\n\n\n\n<blockquote class=\"wp-block-quote is-layout-flow wp-block-quote-is-layout-flow\"><p>\u201cLo respeto. Enrique tiene mi respeto. Ha hecho un gran gobierno. Me da mucho orgullo ver a este estado transformado en materia de movilidad, de transporte p\u00fablico, de inversi\u00f3n en infraestructura, en salud y yo tengo respeto por Enrique Alfaro y voy a seguir\u00a0<strong>dialogando con \u00e9l<\/strong>\u201d, expres\u00f3 a la prensa.<\/p><\/blockquote>\n\n\n\n<p>Durante su visita a la universidad de la que egres\u00f3, \u201cel caballo naranja\u201d manifest\u00f3 que \u00e9l no considera que exista\u00a0<strong>falta de apoyo\u00a0<\/strong>de la fuerza naranja de los Altos de Jalisco a su movimiento pues \u201cpronto se pondr\u00e1n los<strong>\u00a0fosfo, fosfo<\/strong>\u201d.<\/p>\n\n\n\n<blockquote class=\"wp-block-quote is-layout-flow wp-block-quote-is-layout-flow\"><p>\u201cAl contrario, como creen que va a ser ausencia, yo me sent\u00ed muy bien recibido. (\u2026) Vamos a platicar con ellos y revertir las tendencias de la contienda presidencial\u201d, dijo.<\/p><\/blockquote>\n\n\n\n<p>Fuente: <a href=\"https:\/\/www.eluniversal.com.mx\/nacion\/alvarez-maynez-niega-distanciamiento-con-enrique-alfaro-voy-a-seguir-dialogando-con-el-dice\/\" data-type=\"URL\" data-id=\"https:\/\/www.eluniversal.com.mx\/nacion\/alvarez-maynez-niega-distanciamiento-con-enrique-alfaro-voy-a-seguir-dialogando-con-el-dice\/\">El Universal<\/a> <\/p>\n","protected":false},"excerpt":{"rendered":"<p>Jorge \u00c1lvarez M\u00e1ynez, candidato presidencial de Movimiento Ciudadano (MC), neg\u00f3 los rumores de ruptura con Grupo Jalisco al asegurar que mantiene el di\u00e1logo con&nbsp;Enrique Alfaro, gobernador de la entidad, pese a su ausencia en su arranque de campa\u00f1a en Lagos de Moreno y hoy en el Instituto Tecnol\u00f3gico y de Estudios Superiores de Occidente, de [&hellip;]<\/p>\n","protected":false},"author":35,"featured_media":140534,"comment_status":"open","ping_status":"open","sticky":false,"template":"","format":"standard","meta":{"_monsterinsights_skip_tracking":false,"_monsterinsights_sitenote_active":false,"_monsterinsights_sitenote_note":"","_monsterinsights_sitenote_category":0,"footnotes":""},"categories":[158],"tags":[2913,28969],"class_list":["post-141607","post","type-post","status-publish","format-standard","has-post-thumbnail","hentry","category-politica","tag-enrique-alfaro","tag-jorge-alvarez-maynez","wp-image-borders"],"amp_enabled":true,"_links":{"self":[{"href":"https:\/\/nvnoticias.mx\/index.php\/wp-json\/wp\/v2\/posts\/141607","targetHints":{"allow":["GET"]}}],"collection":[{"href":"https:\/\/nvnoticias.mx\/index.php\/wp-json\/wp\/v2\/posts"}],"about":[{"href":"https:\/\/nvnoticias.mx\/index.php\/wp-json\/wp\/v2\/types\/post"}],"author":[{"embeddable":true,"href":"https:\/\/nvnoticias.mx\/index.php\/wp-json\/wp\/v2\/users\/35"}],"replies":[{"embeddable":true,"href":"https:\/\/nvnoticias.mx\/index.php\/wp-json\/wp\/v2\/comments?post=141607"}],"version-history":[{"count":3,"href":"https:\/\/nvnoticias.mx\/index.php\/wp-json\/wp\/v2\/posts\/141607\/revisions"}],"predecessor-version":[{"id":141610,"href":"https:\/\/nvnoticias.mx\/index.php\/wp-json\/wp\/v2\/posts\/141607\/revisions\/141610"}],"wp:featuredmedia":[{"embeddable":true,"href":"https:\/\/nvnoticias.mx\/index.php\/wp-json\/wp\/v2\/media\/140534"}],"wp:attachment":[{"href":"https:\/\/nvnoticias.mx\/index.php\/wp-json\/wp\/v2\/media?parent=141607"}],"wp:term":[{"taxonomy":"category","embeddable":true,"href":"https:\/\/nvnoticias.mx\/index.php\/wp-json\/wp\/v2\/categories?post=141607"},{"taxonomy":"post_tag","embeddable":true,"href":"https:\/\/nvnoticias.mx\/index.php\/wp-json\/wp\/v2\/tags?post=141607"}],"curies":[{"name":"wp","href":"https:\/\/api.w.org\/{rel}","templated":true}]}}