{"id":141385,"date":"2024-03-01T16:53:52","date_gmt":"2024-03-01T22:53:52","guid":{"rendered":"https:\/\/nvnoticias.mx\/?p=141385"},"modified":"2024-03-01T16:53:52","modified_gmt":"2024-03-01T22:53:52","slug":"belinda-vuelve-a-cancelar-su-participacion-en-el-festival-besame-mucho","status":"publish","type":"post","link":"https:\/\/nvnoticias.mx\/index.php\/2024\/03\/01\/belinda-vuelve-a-cancelar-su-participacion-en-el-festival-besame-mucho\/","title":{"rendered":"Belinda vuelve a cancelar su participaci\u00f3n en el &#8216;Festival B\u00e9same Mucho&#8217;"},"content":{"rendered":"\n<p>A trav\u00e9s de un comunicado, Belinda anunci\u00f3 a sus seguidores que no se presentar\u00e1 este s\u00e1bado 2 de marzo en el Festival B\u00e9same Mucho, el cual se lleva a cabo en Austin, Texas.<\/p>\n\n\n\n<p>Es la segunda vez que Belinda cancela su concierto en este festival estadunidense, pues el a\u00f1o pasado tambi\u00e9n anunci\u00f3 que no se presentar\u00eda luego de ser confirmada en el cartel oficial.<\/p>\n\n\n\n<p>A diferencia de la ocasi\u00f3n pasada, esta vez la int\u00e9rprete de Cactus revel\u00f3 en su comunicado que no estar\u00e1 presente en el festival por recomendaciones m\u00e9dicas, \u00bfCu\u00e1l es su estado de salud? Esto es lo que sabemos.<\/p>\n\n\n\n<blockquote class=\"wp-block-quote is-layout-flow wp-block-quote-is-layout-flow\"><p>\u201cLes informamos que, por prescripci\u00f3n m\u00e9dica, Belinda no podr\u00e1 participar en el Festival B\u00e9same Mucho como estaba programado. La salud de Belinda es nuestra principal preocupaci\u00f3n y seguimos las recomendaciones de los profesionales m\u00e9dicos\u201d, dice la primera parte del comunicado.<br><\/p><\/blockquote>\n\n\n\n<p>A pesar del compromiso y que muchos fans esperaban verla en dicho festival, el comunicado detalla que la prioridad es la pronta recuperaci\u00f3n de la cantante.<\/p>\n\n\n\n<p>Fuente: <a href=\"https:\/\/www.milenio.com\/espectaculos\/famosos\/belinda-cantara-festival-besame-grave-salud\" data-type=\"URL\" data-id=\"https:\/\/www.milenio.com\/espectaculos\/famosos\/belinda-cantara-festival-besame-grave-salud\">Milenio<\/a><\/p>\n","protected":false},"excerpt":{"rendered":"<p>A trav\u00e9s de un comunicado, Belinda anunci\u00f3 a sus seguidores que no se presentar\u00e1 este s\u00e1bado 2 de marzo en el Festival B\u00e9same Mucho, el cual se lleva a cabo en Austin, Texas. Es la segunda vez que Belinda cancela su concierto en este festival estadunidense, pues el a\u00f1o pasado tambi\u00e9n anunci\u00f3 que no se [&hellip;]<\/p>\n","protected":false},"author":35,"featured_media":5628,"comment_status":"open","ping_status":"open","sticky":false,"template":"","format":"standard","meta":{"_monsterinsights_skip_tracking":false,"_monsterinsights_sitenote_active":false,"_monsterinsights_sitenote_note":"","_monsterinsights_sitenote_category":0,"footnotes":""},"categories":[576],"tags":[1705,29524],"class_list":["post-141385","post","type-post","status-publish","format-standard","has-post-thumbnail","hentry","category-ocio","tag-belinda","tag-festival-besame-mucho","wp-image-borders"],"amp_enabled":true,"_links":{"self":[{"href":"https:\/\/nvnoticias.mx\/index.php\/wp-json\/wp\/v2\/posts\/141385","targetHints":{"allow":["GET"]}}],"collection":[{"href":"https:\/\/nvnoticias.mx\/index.php\/wp-json\/wp\/v2\/posts"}],"about":[{"href":"https:\/\/nvnoticias.mx\/index.php\/wp-json\/wp\/v2\/types\/post"}],"author":[{"embeddable":true,"href":"https:\/\/nvnoticias.mx\/index.php\/wp-json\/wp\/v2\/users\/35"}],"replies":[{"embeddable":true,"href":"https:\/\/nvnoticias.mx\/index.php\/wp-json\/wp\/v2\/comments?post=141385"}],"version-history":[{"count":1,"href":"https:\/\/nvnoticias.mx\/index.php\/wp-json\/wp\/v2\/posts\/141385\/revisions"}],"predecessor-version":[{"id":141386,"href":"https:\/\/nvnoticias.mx\/index.php\/wp-json\/wp\/v2\/posts\/141385\/revisions\/141386"}],"wp:featuredmedia":[{"embeddable":true,"href":"https:\/\/nvnoticias.mx\/index.php\/wp-json\/wp\/v2\/media\/5628"}],"wp:attachment":[{"href":"https:\/\/nvnoticias.mx\/index.php\/wp-json\/wp\/v2\/media?parent=141385"}],"wp:term":[{"taxonomy":"category","embeddable":true,"href":"https:\/\/nvnoticias.mx\/index.php\/wp-json\/wp\/v2\/categories?post=141385"},{"taxonomy":"post_tag","embeddable":true,"href":"https:\/\/nvnoticias.mx\/index.php\/wp-json\/wp\/v2\/tags?post=141385"}],"curies":[{"name":"wp","href":"https:\/\/api.w.org\/{rel}","templated":true}]}}