{"id":141297,"date":"2024-03-01T10:01:45","date_gmt":"2024-03-01T16:01:45","guid":{"rendered":"https:\/\/nvnoticias.mx\/?p=141297"},"modified":"2024-03-01T10:01:46","modified_gmt":"2024-03-01T16:01:46","slug":"postula-oposicion-en-pluris-a-cabeza-de-vaca-mancera-mayer-gustavo-de-hoyos-y-gibran-ramirez","status":"publish","type":"post","link":"https:\/\/nvnoticias.mx\/index.php\/2024\/03\/01\/postula-oposicion-en-pluris-a-cabeza-de-vaca-mancera-mayer-gustavo-de-hoyos-y-gibran-ramirez\/","title":{"rendered":"Postula oposici\u00f3n en pluris a Cabeza de Vaca, Mancera, Mayer, Gustavo de Hoyos y Gibr\u00e1n Ram\u00edrez"},"content":{"rendered":"\n<p>A contrarreloj, el&nbsp;<strong>Consejo General del Instituto Nacional Electoral<\/strong>&nbsp;(INE) aprobar\u00e1 en la madrugada de este viernes las candidaturas al&nbsp;<strong>Congreso<\/strong>, ya en pleno inicio del periodo de campa\u00f1as que arranc\u00f3 el 1 de marzo.<\/p>\n\n\n\n<p>En las listas de plurinominales a la&nbsp;<strong>C\u00e1mara de Diputados del PAN<\/strong>&nbsp;destaca la postulaci\u00f3n de Francisco&nbsp;<strong>Garc\u00eda Cabeza de Vaca<\/strong>, exgobernador de Tamaulipas; el senador&nbsp;<strong>Germ\u00e1n Mart\u00ednez<\/strong>;&nbsp;<strong>Julen Rementer\u00eda<\/strong>, coordinador del PAN en el Senado;&nbsp;<strong>Kenia L\u00f3pez Rabad\u00e1n<\/strong>, jefa de oficina de la campa\u00f1a de&nbsp;<strong>X\u00f3chitl G\u00e1lvez<\/strong>;&nbsp;<strong>Jorge Romero<\/strong>, coordinador de la bancada de diputados y&nbsp;<strong>Tania Palacios Kuri<\/strong>, sobrina de<strong>&nbsp;Mauricio Kuri<\/strong>, gobernador de Quer\u00e9taro.<\/p>\n\n\n\n<p>En el PRI fueron incluidos figuras clave del CEN como&nbsp;<strong>Arturo Y\u00e1\u00f1ez<\/strong>, secretario adjunto a la presidencia y&nbsp;<strong>Graciela Ortiz<\/strong>, secretaria de organizaci\u00f3n; tambi\u00e9n est\u00e1&nbsp;<strong>Samuel Palma<\/strong>, presidente de la fundaci\u00f3n Colosio y&nbsp;<strong>Christian Mishel Castro Bello<\/strong>, sobrino del presidente del PRI,&nbsp;<strong>Alejandro Moreno<\/strong>.<\/p>\n\n\n\n<p>En el lugar 9 de la segunda circunscripci\u00f3n aparece Indira Kempis, quien recientemente abandon\u00f3 Movimiento Ciudadano.<\/p>\n\n\n\n<p>En el PRD destacan el senador&nbsp;<strong>Miguel \u00c1ngel Mancera&nbsp;<\/strong>y&nbsp;<strong>\u00c1ngel \u00c1vila<\/strong>, representante del PRD ante el INE.<\/p>\n\n\n\n<p>Por parte de Movimiento Ciudadano, en los primeros lugares de las respectivas circunscripciones fueron postulados la senadora\u00a0<strong>Patricia Mercado<\/strong>; el empresario\u00a0<strong>Gustavo de Hoyos<\/strong>;\u00a0<strong>Miguel \u00c1ngel Flores Serna<\/strong>, jefe de oficina de\u00a0<strong>Samuel Garc\u00eda<\/strong>; la expriista\u00a0<strong>Ivonne Ortega<\/strong>; la expriista\u00a0<strong>Claudia Ruiz Massieu<\/strong>\u00a0y el exmorenista\u00a0<strong>Gibr\u00e1n Ram\u00edrez<\/strong>.<\/p>\n\n\n\n<p>Fuente:<a href=\"https:\/\/www.eluniversal.com.mx\/elecciones\/a-contrarreloj-oposicion-postula-en-pluris-a-cabeza-de-vaca-mancera-mayer-gustavo-de-hoyos-y-gibran-ramirez\/\" data-type=\"URL\" data-id=\"https:\/\/www.eluniversal.com.mx\/elecciones\/a-contrarreloj-oposicion-postula-en-pluris-a-cabeza-de-vaca-mancera-mayer-gustavo-de-hoyos-y-gibran-ramirez\/\"> El Universal<\/a> <\/p>\n","protected":false},"excerpt":{"rendered":"<p>A contrarreloj, el&nbsp;Consejo General del Instituto Nacional Electoral&nbsp;(INE) aprobar\u00e1 en la madrugada de este viernes las candidaturas al&nbsp;Congreso, ya en pleno inicio del periodo de campa\u00f1as que arranc\u00f3 el 1 de marzo. En las listas de plurinominales a la&nbsp;C\u00e1mara de Diputados del PAN&nbsp;destaca la postulaci\u00f3n de Francisco&nbsp;Garc\u00eda Cabeza de Vaca, exgobernador de Tamaulipas; el senador&nbsp;Germ\u00e1n [&hellip;]<\/p>\n","protected":false},"author":35,"featured_media":141300,"comment_status":"open","ping_status":"open","sticky":false,"template":"","format":"standard","meta":{"_monsterinsights_skip_tracking":false,"_monsterinsights_sitenote_active":false,"_monsterinsights_sitenote_note":"","_monsterinsights_sitenote_category":0,"footnotes":""},"categories":[158],"tags":[4559,6516,2562,2855,29514,29513],"class_list":["post-141297","post","type-post","status-publish","format-standard","has-post-thumbnail","hentry","category-politica","tag-garcia-cabeza-de-vaca","tag-gustavo-de-hoyos","tag-miguel-angel-mancera","tag-oposicion","tag-pluris","tag-postula","wp-image-borders"],"amp_enabled":true,"_links":{"self":[{"href":"https:\/\/nvnoticias.mx\/index.php\/wp-json\/wp\/v2\/posts\/141297","targetHints":{"allow":["GET"]}}],"collection":[{"href":"https:\/\/nvnoticias.mx\/index.php\/wp-json\/wp\/v2\/posts"}],"about":[{"href":"https:\/\/nvnoticias.mx\/index.php\/wp-json\/wp\/v2\/types\/post"}],"author":[{"embeddable":true,"href":"https:\/\/nvnoticias.mx\/index.php\/wp-json\/wp\/v2\/users\/35"}],"replies":[{"embeddable":true,"href":"https:\/\/nvnoticias.mx\/index.php\/wp-json\/wp\/v2\/comments?post=141297"}],"version-history":[{"count":4,"href":"https:\/\/nvnoticias.mx\/index.php\/wp-json\/wp\/v2\/posts\/141297\/revisions"}],"predecessor-version":[{"id":141302,"href":"https:\/\/nvnoticias.mx\/index.php\/wp-json\/wp\/v2\/posts\/141297\/revisions\/141302"}],"wp:featuredmedia":[{"embeddable":true,"href":"https:\/\/nvnoticias.mx\/index.php\/wp-json\/wp\/v2\/media\/141300"}],"wp:attachment":[{"href":"https:\/\/nvnoticias.mx\/index.php\/wp-json\/wp\/v2\/media?parent=141297"}],"wp:term":[{"taxonomy":"category","embeddable":true,"href":"https:\/\/nvnoticias.mx\/index.php\/wp-json\/wp\/v2\/categories?post=141297"},{"taxonomy":"post_tag","embeddable":true,"href":"https:\/\/nvnoticias.mx\/index.php\/wp-json\/wp\/v2\/tags?post=141297"}],"curies":[{"name":"wp","href":"https:\/\/api.w.org\/{rel}","templated":true}]}}