{"id":141278,"date":"2024-02-29T15:37:00","date_gmt":"2024-02-29T21:37:00","guid":{"rendered":"https:\/\/nvnoticias.mx\/?p=141278"},"modified":"2024-02-29T20:42:02","modified_gmt":"2024-03-01T02:42:02","slug":"exige-del-rio-argudin-justicia-ante-tortura","status":"publish","type":"post","link":"https:\/\/nvnoticias.mx\/index.php\/2024\/02\/29\/exige-del-rio-argudin-justicia-ante-tortura\/","title":{"rendered":"Exige Del R\u00edo Argudin justicia ante tortura"},"content":{"rendered":"\n<p><strong>Jes\u00fas Utrilla\u00a0\/ NV Noticias<\/strong><\/p>\n\n\n\n<p>La audiencia penal es contra de la Fiscal\u00eda general del Estado por el delito de tortura en mi contra.<\/p>\n\n\n\n<p>Este hecho se suscit\u00f3 cuando estuve preso en las instalaciones del penalito en la zona norte, donde el director del penal en ese entonces, Iv\u00e1n M\u00e1rquez Lucido, personalmente se encarg\u00f3 de torturarme a la vista de todos.<\/p>\n\n\n\n<p>Hoy la juez deber\u00e1 determinar lo que sigue de la causa penal, en este caso es la Fiscal\u00eda, qui\u00e9n se ha caracterizado por proteger a corruptos y torturadores, dijo del R\u00edo Argudin.<\/p>\n\n\n\n<p>Un servidor tiene todas las pruebas, y la Fiscal\u00eda determin\u00f3 y comunic\u00f3 que no existen elementos suficientes para que se compruebe la tortura, cuando a\u00fan traigo la lesi\u00f3n, de la cual tengo secuelas.<\/p>\n\n\n\n<p>Existe una lesi\u00f3n, la cual fue determinada por el peritaje psic\u00f3logico del DIF de Veracruz, y de igual forma el peritaje del hospital general, qui\u00e9n determin\u00f3 la lesi\u00f3n de columna vertebral.<\/p>\n\n\n\n<p>Adem\u00e1s de estas lesiones, existen m\u00e1s de 6 testigos, quienes han afirmado los golpes que yo recib\u00eda de parte Iv\u00e1n M\u00e1rquez Lucido, qui\u00e9n ostentaba el cargo de director del penalito.<\/p>\n\n\n\n<p>Tengo confianza en la Jueza de control, ya que existen las pruebas documentadas de las lesiones en mi cuerpo y adem\u00e1s las testimoniales, les quiero decir que \u00a0han sido m\u00e1s 18 meses, y siguen dando largas al tema.<\/p>\n\n\n\n<p>Les quiero decir tambi\u00e9n que este es un tema de violaci\u00f3n a mis derechos humanos y un caso de tortura, tema que ya se han dado a conocer que en el Estado son m\u00e1s de 140 casos de tortura.<\/p>\n\n\n\n<p>Por \u00faltimo, del R\u00edo Argudin, qui\u00e9n actualmente es dirigente del PRD en el puerto de Veracruz, aseguro que el tema lo han vuelto pol\u00edtico y as\u00ed se vio desde el primer d\u00eda en que me golpean y luego me torturan, todo por haber sido panista, dijo en entrevista.<\/p>\n","protected":false},"excerpt":{"rendered":"<p>Jes\u00fas Utrilla\u00a0\/ NV Noticias La audiencia penal es contra de la Fiscal\u00eda general del Estado por el delito de tortura en mi contra. Este hecho se suscit\u00f3 cuando estuve preso en las instalaciones del penalito en la zona norte, donde el director del penal en ese entonces, Iv\u00e1n M\u00e1rquez Lucido, personalmente se encarg\u00f3 de torturarme [&hellip;]<\/p>\n","protected":false},"author":8,"featured_media":141279,"comment_status":"open","ping_status":"open","sticky":false,"template":"","format":"standard","meta":{"_monsterinsights_skip_tracking":false,"_monsterinsights_sitenote_active":false,"_monsterinsights_sitenote_note":"","_monsterinsights_sitenote_category":0,"footnotes":""},"categories":[154],"tags":[19982,806,1718],"class_list":["post-141278","post","type-post","status-publish","format-standard","has-post-thumbnail","hentry","category-veracruz","tag-antonio-del-rio-argudin-2","tag-justicia","tag-tortura","wp-image-borders"],"amp_enabled":true,"_links":{"self":[{"href":"https:\/\/nvnoticias.mx\/index.php\/wp-json\/wp\/v2\/posts\/141278","targetHints":{"allow":["GET"]}}],"collection":[{"href":"https:\/\/nvnoticias.mx\/index.php\/wp-json\/wp\/v2\/posts"}],"about":[{"href":"https:\/\/nvnoticias.mx\/index.php\/wp-json\/wp\/v2\/types\/post"}],"author":[{"embeddable":true,"href":"https:\/\/nvnoticias.mx\/index.php\/wp-json\/wp\/v2\/users\/8"}],"replies":[{"embeddable":true,"href":"https:\/\/nvnoticias.mx\/index.php\/wp-json\/wp\/v2\/comments?post=141278"}],"version-history":[{"count":1,"href":"https:\/\/nvnoticias.mx\/index.php\/wp-json\/wp\/v2\/posts\/141278\/revisions"}],"predecessor-version":[{"id":141280,"href":"https:\/\/nvnoticias.mx\/index.php\/wp-json\/wp\/v2\/posts\/141278\/revisions\/141280"}],"wp:featuredmedia":[{"embeddable":true,"href":"https:\/\/nvnoticias.mx\/index.php\/wp-json\/wp\/v2\/media\/141279"}],"wp:attachment":[{"href":"https:\/\/nvnoticias.mx\/index.php\/wp-json\/wp\/v2\/media?parent=141278"}],"wp:term":[{"taxonomy":"category","embeddable":true,"href":"https:\/\/nvnoticias.mx\/index.php\/wp-json\/wp\/v2\/categories?post=141278"},{"taxonomy":"post_tag","embeddable":true,"href":"https:\/\/nvnoticias.mx\/index.php\/wp-json\/wp\/v2\/tags?post=141278"}],"curies":[{"name":"wp","href":"https:\/\/api.w.org\/{rel}","templated":true}]}}