{"id":141223,"date":"2024-02-29T13:41:34","date_gmt":"2024-02-29T19:41:34","guid":{"rendered":"https:\/\/nvnoticias.mx\/?p=141223"},"modified":"2024-02-29T13:41:35","modified_gmt":"2024-02-29T19:41:35","slug":"continua-la-busqueda-de-los-campesinos-de-actopan-y-se-trabaja-con-los-colectivos-afirma-el-gobernador","status":"publish","type":"post","link":"https:\/\/nvnoticias.mx\/index.php\/2024\/02\/29\/continua-la-busqueda-de-los-campesinos-de-actopan-y-se-trabaja-con-los-colectivos-afirma-el-gobernador\/","title":{"rendered":"Contin\u00faa la b\u00fasqueda de los campesinos de Actopan y se trabaja con los colectivos, afirma el gobernador"},"content":{"rendered":"\n<p><strong>Jes\u00fas Utrilla \/ NV Noticias<\/strong><\/p>\n\n\n\n<p>La desaparici\u00f3n de campesinos de Actopan ha generado preocupaci\u00f3n y movilizaci\u00f3n en Veracruz. <\/p>\n\n\n\n<p>Ante esta situaci\u00f3n, el gobernador Cuitl\u00e1huac Garc\u00eda Jim\u00e9nez ha reiterado el compromiso del estado en la b\u00fasqueda y localizaci\u00f3n de estas personas, reconoci\u00e9ndolas como v\u00edctimas sin importar las circunstancias que rodeen su desaparici\u00f3n.<\/p>\n\n\n\n<p>Tras la revelaci\u00f3n de detalles por parte de los medios de comunicaci\u00f3n, el gobernador ha mantenido la cautela y ha seguido los protocolos establecidos, respondiendo de manera limitada a los cuestionamientos y evitando interferir en las investigaciones en curso.<\/p>\n\n\n\n<p>Garc\u00eda Jim\u00e9nez ha asegurado que desde el inicio solicit\u00f3 el reforzamiento de los trabajos de b\u00fasqueda a la Comisi\u00f3n Estatal de B\u00fasqueda, garantizando que no se dejar\u00e1 de trabajar en la localizaci\u00f3n de las personas desaparecidas<\/p>\n\n\n\n<blockquote class=\"wp-block-quote is-layout-flow wp-block-quote-is-layout-flow\"><p>\u201cDesde el momento m\u00e1s cr\u00edtico les dije que no pod\u00eda hablar del caso para cuidar las formas porque esta en proceso y yo ped\u00ed el reforzamiento de la b\u00fasqueda, pero eso no cambia y vamos a seguir busc\u00e1ndolos\u201d.<\/p><\/blockquote>\n\n\n\n<p>Por otro lado afirm\u00f3 que se trabaja de manera coordinada con los colectivos de b\u00fasqueda, para que haya presupuesto para la atenci\u00f3n a v\u00edctimas y avanzar con la localizaci\u00f3n.<\/p>\n\n\n\n<blockquote class=\"wp-block-quote is-layout-flow wp-block-quote-is-layout-flow\"><p><em>\u201cHoy se tiene 80 por ciento de localizaciones y registros mensuales de personas no localizadas. El a\u00f1o pasado llegamos al 70 por ciento y un a\u00f1o antes al 60 por ciento\u201d.<\/em><\/p><\/blockquote>\n\n\n\n<p>El gobernador del Estado estuvo supervisando los trabajos del Aquarium del Puerto de Veracruz, y ofreciendo informaci\u00f3n sobre las actividades de su gobierno.<\/p>\n\n\n\n<p><\/p>\n","protected":false},"excerpt":{"rendered":"<p>Jes\u00fas Utrilla \/ NV Noticias La desaparici\u00f3n de campesinos de Actopan ha generado preocupaci\u00f3n y movilizaci\u00f3n en Veracruz. Ante esta situaci\u00f3n, el gobernador Cuitl\u00e1huac Garc\u00eda Jim\u00e9nez ha reiterado el compromiso del estado en la b\u00fasqueda y localizaci\u00f3n de estas personas, reconoci\u00e9ndolas como v\u00edctimas sin importar las circunstancias que rodeen su desaparici\u00f3n. Tras la revelaci\u00f3n de [&hellip;]<\/p>\n","protected":false},"author":8,"featured_media":140490,"comment_status":"open","ping_status":"open","sticky":false,"template":"","format":"standard","meta":{"_monsterinsights_skip_tracking":false,"_monsterinsights_sitenote_active":false,"_monsterinsights_sitenote_note":"","_monsterinsights_sitenote_category":0,"footnotes":""},"categories":[154],"tags":[1600,965,950],"class_list":["post-141223","post","type-post","status-publish","format-standard","has-post-thumbnail","hentry","category-veracruz","tag-campesinos","tag-cuitlahuac-garcia-jimenez","tag-desaparecidos","wp-image-borders"],"amp_enabled":true,"_links":{"self":[{"href":"https:\/\/nvnoticias.mx\/index.php\/wp-json\/wp\/v2\/posts\/141223","targetHints":{"allow":["GET"]}}],"collection":[{"href":"https:\/\/nvnoticias.mx\/index.php\/wp-json\/wp\/v2\/posts"}],"about":[{"href":"https:\/\/nvnoticias.mx\/index.php\/wp-json\/wp\/v2\/types\/post"}],"author":[{"embeddable":true,"href":"https:\/\/nvnoticias.mx\/index.php\/wp-json\/wp\/v2\/users\/8"}],"replies":[{"embeddable":true,"href":"https:\/\/nvnoticias.mx\/index.php\/wp-json\/wp\/v2\/comments?post=141223"}],"version-history":[{"count":1,"href":"https:\/\/nvnoticias.mx\/index.php\/wp-json\/wp\/v2\/posts\/141223\/revisions"}],"predecessor-version":[{"id":141225,"href":"https:\/\/nvnoticias.mx\/index.php\/wp-json\/wp\/v2\/posts\/141223\/revisions\/141225"}],"wp:featuredmedia":[{"embeddable":true,"href":"https:\/\/nvnoticias.mx\/index.php\/wp-json\/wp\/v2\/media\/140490"}],"wp:attachment":[{"href":"https:\/\/nvnoticias.mx\/index.php\/wp-json\/wp\/v2\/media?parent=141223"}],"wp:term":[{"taxonomy":"category","embeddable":true,"href":"https:\/\/nvnoticias.mx\/index.php\/wp-json\/wp\/v2\/categories?post=141223"},{"taxonomy":"post_tag","embeddable":true,"href":"https:\/\/nvnoticias.mx\/index.php\/wp-json\/wp\/v2\/tags?post=141223"}],"curies":[{"name":"wp","href":"https:\/\/api.w.org\/{rel}","templated":true}]}}