{"id":141187,"date":"2024-02-29T10:37:42","date_gmt":"2024-02-29T16:37:42","guid":{"rendered":"https:\/\/nvnoticias.mx\/?p=141187"},"modified":"2024-02-29T10:37:44","modified_gmt":"2024-02-29T16:37:44","slug":"rehabilitan-techado-de-mercado-de-piedras-negras-en-tlalixcoyan","status":"publish","type":"post","link":"https:\/\/nvnoticias.mx\/index.php\/2024\/02\/29\/rehabilitan-techado-de-mercado-de-piedras-negras-en-tlalixcoyan\/","title":{"rendered":"Rehabilitan techado de Mercado de Piedras Negras en Tlalixcoyan"},"content":{"rendered":"\n<p><strong>Jes\u00fas Utrilla | NV Noticias <\/strong><\/p>\n\n\n\n<p>Finalmente se concret\u00f3 la rehabilitaci\u00f3n del techado del mercado 5 de Mayo, ubicado en la localidad de Piedras Negras en el municipio de Tlalixcoyan, mismo que beneficiar\u00e1 a m\u00e1s de 2 mil personas que acuden diariamente a realizar sus compras.<\/p>\n\n\n\n<p>La alcaldesa Elvia Illescas Loyo detall\u00f3 que se mejoraron casi 600 metros cuadrados de la Central de Abastos con m\u00e1s historia en el municipio, pues data de 1932.<\/p>\n\n\n\n<blockquote class=\"wp-block-quote is-layout-flow wp-block-quote-is-layout-flow\"><p>\u201cLes agradezco que nos hayan permitido ser parte de esta historia y de este gran evento. Estoy segura que si seguimos trabajando en equipo podremos lograr m\u00e1s cosas (\u2026) porque en Tlalixcoyan y en Piedras Negras todo es posible si \u201cCaminamos Juntos\u201d\u201d, afirm\u00f3 la edil.<\/p><\/blockquote>\n\n\n\n<p>Se trata de casi 600 metros cuadrados de techado, cuya obra estuvo a cargo del Patronato Pro Techado de las Naves del Mercado, avalado por la H. Uni\u00f3n de Comerciantes del Mercado 5 de mayo, A.C., fundada en 1935 y con aportaciones municipales cercanas a los 120 mil pesos para la zona de naves del mercado.<\/p>\n\n\n\n<p>Cabe mencionar que, el techado anterior contaba con 90 a\u00f1os y ya se encontraba deteriorado por el paso del tiempo; por lo que, este proyecto incluy\u00f3 una nueva estructura conformada por 260 l\u00e1minas de zinc de 5.50 m, 120 montenes de diversas medidas, 85 litros de pintura, 25 kilogramos de soldadura, 3 mil pijas fijadoras y 300 kilos de fierro comercial.<\/p>\n\n\n\n<p>En este espacio se comercializan productos b\u00e1sicos, comedores, abarrotes, ferreter\u00eda, jarcier\u00eda y muchos servicios m\u00e1s.<\/p>\n","protected":false},"excerpt":{"rendered":"<p>Jes\u00fas Utrilla | NV Noticias Finalmente se concret\u00f3 la rehabilitaci\u00f3n del techado del mercado 5 de Mayo, ubicado en la localidad de Piedras Negras en el municipio de Tlalixcoyan, mismo que beneficiar\u00e1 a m\u00e1s de 2 mil personas que acuden diariamente a realizar sus compras. La alcaldesa Elvia Illescas Loyo detall\u00f3 que se mejoraron casi [&hellip;]<\/p>\n","protected":false},"author":35,"featured_media":141184,"comment_status":"open","ping_status":"open","sticky":false,"template":"","format":"standard","meta":{"_monsterinsights_skip_tracking":false,"_monsterinsights_sitenote_active":false,"_monsterinsights_sitenote_note":"","_monsterinsights_sitenote_category":0,"footnotes":""},"categories":[154],"tags":[29505,12111,3540],"class_list":["post-141187","post","type-post","status-publish","format-standard","has-post-thumbnail","hentry","category-veracruz","tag-mercado-de-piedras-negras","tag-rehabilitan","tag-tlalixcoyan","wp-image-borders"],"amp_enabled":true,"_links":{"self":[{"href":"https:\/\/nvnoticias.mx\/index.php\/wp-json\/wp\/v2\/posts\/141187","targetHints":{"allow":["GET"]}}],"collection":[{"href":"https:\/\/nvnoticias.mx\/index.php\/wp-json\/wp\/v2\/posts"}],"about":[{"href":"https:\/\/nvnoticias.mx\/index.php\/wp-json\/wp\/v2\/types\/post"}],"author":[{"embeddable":true,"href":"https:\/\/nvnoticias.mx\/index.php\/wp-json\/wp\/v2\/users\/35"}],"replies":[{"embeddable":true,"href":"https:\/\/nvnoticias.mx\/index.php\/wp-json\/wp\/v2\/comments?post=141187"}],"version-history":[{"count":1,"href":"https:\/\/nvnoticias.mx\/index.php\/wp-json\/wp\/v2\/posts\/141187\/revisions"}],"predecessor-version":[{"id":141188,"href":"https:\/\/nvnoticias.mx\/index.php\/wp-json\/wp\/v2\/posts\/141187\/revisions\/141188"}],"wp:featuredmedia":[{"embeddable":true,"href":"https:\/\/nvnoticias.mx\/index.php\/wp-json\/wp\/v2\/media\/141184"}],"wp:attachment":[{"href":"https:\/\/nvnoticias.mx\/index.php\/wp-json\/wp\/v2\/media?parent=141187"}],"wp:term":[{"taxonomy":"category","embeddable":true,"href":"https:\/\/nvnoticias.mx\/index.php\/wp-json\/wp\/v2\/categories?post=141187"},{"taxonomy":"post_tag","embeddable":true,"href":"https:\/\/nvnoticias.mx\/index.php\/wp-json\/wp\/v2\/tags?post=141187"}],"curies":[{"name":"wp","href":"https:\/\/api.w.org\/{rel}","templated":true}]}}