{"id":141000,"date":"2024-02-27T19:27:33","date_gmt":"2024-02-28T01:27:33","guid":{"rendered":"https:\/\/nvnoticias.mx\/?p=141000"},"modified":"2024-02-27T19:27:34","modified_gmt":"2024-02-28T01:27:34","slug":"javier-aguirre-mete-al-mallorca-en-la-final-de-la-copa-del-rey","status":"publish","type":"post","link":"https:\/\/nvnoticias.mx\/index.php\/2024\/02\/27\/javier-aguirre-mete-al-mallorca-en-la-final-de-la-copa-del-rey\/","title":{"rendered":"Javier Aguirre mete al Mallorca en la final de la Copa del Rey"},"content":{"rendered":"\n<p>El director t\u00e9cnico mexicano Javier Aguirre y el Mallorca se instalaron en la final de la Copa del Rey, luego de vencer a la Real Sociedad en un juego que tuvo que definirse en penales.<\/p>\n\n\n\n<p>En el encuentro, los de San Sebasti\u00e1n tuvieron la primera oportunidad de abrir el marcador con un penal al 45&#8242;, pero Brais M\u00e9ndez err\u00f3 su disparo y el marcador no se movi\u00f3.<\/p>\n\n\n\n<p>Para la segunda mitad, el Mallorca se encarg\u00f3 de anotar el primer gol, por la v\u00eda de Giovanni Gonz\u00e1lez al 50&#8242; que pon\u00eda el 1-0 en el marcador.<\/p>\n\n\n\n<p>Sin embargo, m\u00e1s tarde al 71&#8242; Mikel Oyarzabal emparej\u00f3 el encuentro para los locales, con el 1-1 que se mantuvo hasta el minuto 90, obligando a definirse en tiempo extra.<\/p>\n\n\n\n<p>Despu\u00e9s de 30 minutos de pr\u00f3rroga, el gol tampoco cay\u00f3 por ning\u00fan bando, lo que orill\u00f3 a extender el juego a los penales.<\/p>\n\n\n\n<p>Desde el manch\u00f3n, Mallorca anot\u00f3 en sus cinco oportunidades, mientras que Real Sociedad err\u00f3 su primer disparo, lo que le permiti\u00f3 al equipo de Javier Aguirre meterse a la final del torneo.<\/p>\n\n\n\n<p>El equipo del &#8216;Vasco&#8217; est\u00e1 a la espera de conocer a su rival, que saldr\u00e1 de la llave entre Athletic Club y Atl\u00e9tico de Madrid.<\/p>\n","protected":false},"excerpt":{"rendered":"<p>El director t\u00e9cnico mexicano Javier Aguirre y el Mallorca se instalaron en la final de la Copa del Rey, luego de vencer a la Real Sociedad en un juego que tuvo que definirse en penales. En el encuentro, los de San Sebasti\u00e1n tuvieron la primera oportunidad de abrir el marcador con un penal al 45&#8242;, [&hellip;]<\/p>\n","protected":false},"author":8,"featured_media":141001,"comment_status":"open","ping_status":"open","sticky":false,"template":"","format":"standard","meta":{"_monsterinsights_skip_tracking":false,"_monsterinsights_sitenote_active":false,"_monsterinsights_sitenote_note":"","_monsterinsights_sitenote_category":0,"footnotes":""},"categories":[159],"tags":[539,3472,10039,12296],"class_list":["post-141000","post","type-post","status-publish","format-standard","has-post-thumbnail","hentry","category-deportes","tag-copa-del-rey","tag-final","tag-javier-aguirre","tag-mallorca","wp-image-borders"],"amp_enabled":true,"_links":{"self":[{"href":"https:\/\/nvnoticias.mx\/index.php\/wp-json\/wp\/v2\/posts\/141000","targetHints":{"allow":["GET"]}}],"collection":[{"href":"https:\/\/nvnoticias.mx\/index.php\/wp-json\/wp\/v2\/posts"}],"about":[{"href":"https:\/\/nvnoticias.mx\/index.php\/wp-json\/wp\/v2\/types\/post"}],"author":[{"embeddable":true,"href":"https:\/\/nvnoticias.mx\/index.php\/wp-json\/wp\/v2\/users\/8"}],"replies":[{"embeddable":true,"href":"https:\/\/nvnoticias.mx\/index.php\/wp-json\/wp\/v2\/comments?post=141000"}],"version-history":[{"count":1,"href":"https:\/\/nvnoticias.mx\/index.php\/wp-json\/wp\/v2\/posts\/141000\/revisions"}],"predecessor-version":[{"id":141002,"href":"https:\/\/nvnoticias.mx\/index.php\/wp-json\/wp\/v2\/posts\/141000\/revisions\/141002"}],"wp:featuredmedia":[{"embeddable":true,"href":"https:\/\/nvnoticias.mx\/index.php\/wp-json\/wp\/v2\/media\/141001"}],"wp:attachment":[{"href":"https:\/\/nvnoticias.mx\/index.php\/wp-json\/wp\/v2\/media?parent=141000"}],"wp:term":[{"taxonomy":"category","embeddable":true,"href":"https:\/\/nvnoticias.mx\/index.php\/wp-json\/wp\/v2\/categories?post=141000"},{"taxonomy":"post_tag","embeddable":true,"href":"https:\/\/nvnoticias.mx\/index.php\/wp-json\/wp\/v2\/tags?post=141000"}],"curies":[{"name":"wp","href":"https:\/\/api.w.org\/{rel}","templated":true}]}}