{"id":140901,"date":"2024-02-27T10:14:34","date_gmt":"2024-02-27T16:14:34","guid":{"rendered":"https:\/\/nvnoticias.mx\/?p=140901"},"modified":"2024-02-27T10:15:26","modified_gmt":"2024-02-27T16:15:26","slug":"la-lucha-por-el-poder","status":"publish","type":"post","link":"https:\/\/nvnoticias.mx\/index.php\/2024\/02\/27\/la-lucha-por-el-poder\/","title":{"rendered":"La lucha por el poder"},"content":{"rendered":"\n<p><strong>Mois\u00e9s Hern\u00e1ndez Yoldi<\/strong><\/p>\n\n\n\n<p>El embate y avalancha de cr\u00edticas en vs del presidente L\u00f3pez Obrador que lo vinculan con el narcotr\u00e1fico es una acci\u00f3n in\u00e9dita en la historia de la lucha por el poder en nuestro pa\u00eds, nunca antes en M\u00e9xico se hab\u00eda se\u00f1alado a un jefe de estado de estar involucrado con el narco.<\/p>\n\n\n\n<p>Nunca antes hab\u00edamos visto un ataque tan directo y tan coordinado; las cr\u00edticas ya no son contra sus decisiones administrativas o ejecutivas, no son en contra de sus pol\u00edticas p\u00fablicas, ni por el modelo nacionalista que ha puesto en marcha, el ataque es directo a su persona y a su familia.<\/p>\n\n\n\n<p>El objetivo de sus opositores es derrumbar su popularidad basada en lo que \u00e9l mismo ha dicho es su principal atributo, su \u201cautoridad moral\u201d.<\/p>\n\n\n\n<p>El ataque orquestado desde las \u00e9lites econ\u00f3micas involucra a grupos pol\u00edticos de oposici\u00f3n e intereses intervencionistas operados desde Washington.<\/p>\n\n\n\n<p>La lucha por el poder est\u00e1 subiendo de tono y el ambiente pol\u00edtico-social en M\u00e9xico est\u00e1 llegando a niveles peligrosos.<\/p>\n\n\n\n<p>Involucrar al crimen organizado en la disputa pol\u00edtico-electoral le pone lumbre al terreno y genera un escenario propicio para una crisis no vista desde 1994.<\/p>\n\n\n\n<p>Fue en 1994 cuando el sistema pol\u00edtico mexicano entr\u00f3 en crisis y provoc\u00f3 violentos acontecimientos:<br>1.- Asesinato de Luis Donaldo Colosio, candidato presidencial.<br>2.- Estallido de la guerrilla Zapatista en Chiapas.<br>3.- Asesinato de Jos\u00e9 Francisco Ru\u00edz Massieu, dirigente nacional del PRI.<br>4.- Entrada en vigor del Tratado de Libre Comercio (TLC).<br>5.- Colapso econ\u00f3mico derivado de la devaluaci\u00f3n del peso, provocado por el llamado \u201cerror de diciembre\u201d.<\/p>\n\n\n\n<p>Todos estos eventos en cadena llevaron al pa\u00eds a un retroceso y a gran parte de la poblaci\u00f3n a un empobrecimiento que perdur\u00f3 por a\u00f1os.<\/p>\n\n\n\n<p>En 1994 muchos mexicanos perdieron su patrimonio y adquirieron una deuda econ\u00f3mica trasgeneracional derivada del rescate bancario que utiliz\u00f3 los fondos asociados el fideicomiso creado en 1990 llamado Fondo Bancario de Protecci\u00f3n al Ahorro (FoBaProA) que realiz\u00f3 el gobierno del presidente Ernesto Zedillo y que a su vez convirti\u00f3 a muchos inversionistas y banqueros en multimillonarios.<\/p>\n\n\n\n<p>El presidente L\u00f3pez Obrador ha ejercido el poder de manera poco ortodoxa, afectando intereses econ\u00f3micos de la \u00e9lites y trastornando el statu quo en M\u00e9xico.<\/p>\n\n\n\n<p>Su presidencia est\u00e1 bajo ataque y su legado pol\u00edtico en entredicho; de ser cierto los graves se\u00f1alamientos de sus opositores, no s\u00f3lo estar\u00eda en riesgo la continuidad de lo que \u00e9l llama la cuarta transformaci\u00f3n, sino incluso su libertad.<\/p>\n\n\n\n<p>Pero si logra salir avante y las acusaciones resultan ser falsas y sus opositores no consiguen comprobarlas, habr\u00e1 asegurado un lugar privilegiado en la historia.<\/p>\n\n\n\n<p>La historia est\u00e1 en curso y el desenlace de este cap\u00edtulo se conocer\u00e1 pronto.<\/p>\n","protected":false},"excerpt":{"rendered":"<p>Mois\u00e9s Hern\u00e1ndez Yoldi El embate y avalancha de cr\u00edticas en vs del presidente L\u00f3pez Obrador que lo vinculan con el narcotr\u00e1fico es una acci\u00f3n in\u00e9dita en la historia de la lucha por el poder en nuestro pa\u00eds, nunca antes en M\u00e9xico se hab\u00eda se\u00f1alado a un jefe de estado de estar involucrado con el narco. [&hellip;]<\/p>\n","protected":false},"author":11,"featured_media":140905,"comment_status":"open","ping_status":"open","sticky":false,"template":"","format":"standard","meta":{"_monsterinsights_skip_tracking":false,"_monsterinsights_sitenote_active":false,"_monsterinsights_sitenote_note":"","_monsterinsights_sitenote_category":0,"footnotes":""},"categories":[429],"tags":[430],"class_list":["post-140901","post","type-post","status-publish","format-standard","has-post-thumbnail","hentry","category-artillero","tag-moises-hernandez-yoldi","wp-image-borders"],"amp_enabled":true,"_links":{"self":[{"href":"https:\/\/nvnoticias.mx\/index.php\/wp-json\/wp\/v2\/posts\/140901","targetHints":{"allow":["GET"]}}],"collection":[{"href":"https:\/\/nvnoticias.mx\/index.php\/wp-json\/wp\/v2\/posts"}],"about":[{"href":"https:\/\/nvnoticias.mx\/index.php\/wp-json\/wp\/v2\/types\/post"}],"author":[{"embeddable":true,"href":"https:\/\/nvnoticias.mx\/index.php\/wp-json\/wp\/v2\/users\/11"}],"replies":[{"embeddable":true,"href":"https:\/\/nvnoticias.mx\/index.php\/wp-json\/wp\/v2\/comments?post=140901"}],"version-history":[{"count":1,"href":"https:\/\/nvnoticias.mx\/index.php\/wp-json\/wp\/v2\/posts\/140901\/revisions"}],"predecessor-version":[{"id":140906,"href":"https:\/\/nvnoticias.mx\/index.php\/wp-json\/wp\/v2\/posts\/140901\/revisions\/140906"}],"wp:featuredmedia":[{"embeddable":true,"href":"https:\/\/nvnoticias.mx\/index.php\/wp-json\/wp\/v2\/media\/140905"}],"wp:attachment":[{"href":"https:\/\/nvnoticias.mx\/index.php\/wp-json\/wp\/v2\/media?parent=140901"}],"wp:term":[{"taxonomy":"category","embeddable":true,"href":"https:\/\/nvnoticias.mx\/index.php\/wp-json\/wp\/v2\/categories?post=140901"},{"taxonomy":"post_tag","embeddable":true,"href":"https:\/\/nvnoticias.mx\/index.php\/wp-json\/wp\/v2\/tags?post=140901"}],"curies":[{"name":"wp","href":"https:\/\/api.w.org\/{rel}","templated":true}]}}