{"id":140810,"date":"2024-02-26T12:54:10","date_gmt":"2024-02-26T18:54:10","guid":{"rendered":"https:\/\/nvnoticias.mx\/?p=140810"},"modified":"2024-02-26T12:54:11","modified_gmt":"2024-02-26T18:54:11","slug":"se-hace-oficial-a-yuri-como-reina-del-carnaval-de-veracruz-2024","status":"publish","type":"post","link":"https:\/\/nvnoticias.mx\/index.php\/2024\/02\/26\/se-hace-oficial-a-yuri-como-reina-del-carnaval-de-veracruz-2024\/","title":{"rendered":"Se hace oficial a Yuri como reina del Carnaval de Veracruz 2024"},"content":{"rendered":"\n<p><strong>Jes\u00fas Utrilla \/ NV Noticias<\/strong><\/p>\n\n\n\n<p>La alcaldesa de Veracruz, Patricia Lobeira Rodr\u00edguez, y la reconocida cantante Yuri se reunieron en la Ciudad de M\u00e9xico para ofrecer una rueda de prensa y revelar detalles sobre las pr\u00f3ximas fiestas del Carnaval de Veracruz 2024. <\/p>\n\n\n\n<p>En este evento, ambas figuras confirmaron que Yuri ser\u00e1 la reina del tan esperado Carnaval, en su edici\u00f3n n\u00famero 100, convirti\u00e9ndola en la figura central de esta hist\u00f3rica celebraci\u00f3n en el Estado de Veracruz.<\/p>\n\n\n\n<p>Yuri expres\u00f3 su agradecimiento por ser considerada para este papel tan importante y comparti\u00f3 su entusiasmo por los acuerdos logrados, especialmente teniendo en cuenta su ajustada agenda musical. <\/p>\n\n\n\n<p>La cantante adelant\u00f3 que su coronaci\u00f3n tendr\u00e1 lugar en el jueves de carnaval y revel\u00f3 que, aunque no ser\u00e1 ella quien cante en el concierto masivo, el grupo Matute tendr\u00e1 a cargo esa actuaci\u00f3n, dejando entrever su inter\u00e9s en realizar un dueto con ellos en el futuro.<\/p>\n\n\n\n<p>Adem\u00e1s, Yuri anticip\u00f3 que dar\u00e1 lo mejor de s\u00ed en sus presentaciones en los carros aleg\u00f3ricos, interpretando \u00e9xitos como &#8220;El Apag\u00f3n&#8221;, as\u00ed como baladas y otras canciones que han marcado su carrera y han conquistado el coraz\u00f3n del p\u00fablico a lo largo de los a\u00f1os.<\/p>\n\n\n\n<p>Prometi\u00f3 un espect\u00e1culo lleno de cambios de vestuario y dej\u00f3 claro que, m\u00e1s que una reina del carnaval se considera la &#8220;Reina de la Alegr\u00eda&#8221;. <\/p>\n\n\n\n<p>Orgullosa de sus ra\u00edces veracruzanas, Yuri comparti\u00f3 su amor por la comida y las tradiciones de su tierra natal, recordando con cari\u00f1o sus visitas a la entidad y su disfrute de platillos t\u00edpicos como el lechero, las picadas y otros manjares veracruzanos. <\/p>\n\n\n\n<p>Invit\u00f3 a todos a unirse a las celebraciones del Carnaval, destacando que mientras m\u00e1s personas participen, mejor ser\u00e1 la fiesta. En cuanto a su carrera art\u00edstica, Yuri fue cuestionada sobre la posibilidad de realizar una bioserie y filmarla en Veracruz. <\/p>\n\n\n\n<p>Aunque no hay planes concretos en este momento, se\u00f1al\u00f3 que no le preocupa, ya que considera que est\u00e1 en el mejor momento de su carrera y no necesita buscar proyectos adicionales que puedan distraerla de su enfoque actual.<\/p>\n\n\n\n<p>Recordando su coronaci\u00f3n como reina del Carnaval de Veracruz en 1993, Yuri aclar\u00f3 que no pretende mostrar m\u00e1s de lo necesario en su participaci\u00f3n en los carros aleg\u00f3ricos, pero prometi\u00f3 un espect\u00e1culo de primer nivel para el disfrute de todos los asistentes. <\/p>\n\n\n\n<p>Con el Carnaval de Veracruz 2024 marcando su centenario, las expectativas est\u00e1n en su punto m\u00e1s alto, y Yuri est\u00e1 lista para ser la estrella de esta celebraci\u00f3n que promete ser inolvidable, del 26 de junio al 2 de julio.<\/p>\n","protected":false},"excerpt":{"rendered":"<p>Jes\u00fas Utrilla \/ NV Noticias La alcaldesa de Veracruz, Patricia Lobeira Rodr\u00edguez, y la reconocida cantante Yuri se reunieron en la Ciudad de M\u00e9xico para ofrecer una rueda de prensa y revelar detalles sobre las pr\u00f3ximas fiestas del Carnaval de Veracruz 2024. En este evento, ambas figuras confirmaron que Yuri ser\u00e1 la reina del tan [&hellip;]<\/p>\n","protected":false},"author":8,"featured_media":140811,"comment_status":"open","ping_status":"open","sticky":false,"template":"","format":"standard","meta":{"_monsterinsights_skip_tracking":false,"_monsterinsights_sitenote_active":false,"_monsterinsights_sitenote_note":"","_monsterinsights_sitenote_category":0,"footnotes":""},"categories":[154],"tags":[162,11411,1439],"class_list":["post-140810","post","type-post","status-publish","format-standard","has-post-thumbnail","hentry","category-veracruz","tag-portada","tag-reina-del-carnaval-de-veracruz","tag-yuri","wp-image-borders"],"amp_enabled":true,"_links":{"self":[{"href":"https:\/\/nvnoticias.mx\/index.php\/wp-json\/wp\/v2\/posts\/140810","targetHints":{"allow":["GET"]}}],"collection":[{"href":"https:\/\/nvnoticias.mx\/index.php\/wp-json\/wp\/v2\/posts"}],"about":[{"href":"https:\/\/nvnoticias.mx\/index.php\/wp-json\/wp\/v2\/types\/post"}],"author":[{"embeddable":true,"href":"https:\/\/nvnoticias.mx\/index.php\/wp-json\/wp\/v2\/users\/8"}],"replies":[{"embeddable":true,"href":"https:\/\/nvnoticias.mx\/index.php\/wp-json\/wp\/v2\/comments?post=140810"}],"version-history":[{"count":1,"href":"https:\/\/nvnoticias.mx\/index.php\/wp-json\/wp\/v2\/posts\/140810\/revisions"}],"predecessor-version":[{"id":140812,"href":"https:\/\/nvnoticias.mx\/index.php\/wp-json\/wp\/v2\/posts\/140810\/revisions\/140812"}],"wp:featuredmedia":[{"embeddable":true,"href":"https:\/\/nvnoticias.mx\/index.php\/wp-json\/wp\/v2\/media\/140811"}],"wp:attachment":[{"href":"https:\/\/nvnoticias.mx\/index.php\/wp-json\/wp\/v2\/media?parent=140810"}],"wp:term":[{"taxonomy":"category","embeddable":true,"href":"https:\/\/nvnoticias.mx\/index.php\/wp-json\/wp\/v2\/categories?post=140810"},{"taxonomy":"post_tag","embeddable":true,"href":"https:\/\/nvnoticias.mx\/index.php\/wp-json\/wp\/v2\/tags?post=140810"}],"curies":[{"name":"wp","href":"https:\/\/api.w.org\/{rel}","templated":true}]}}