{"id":140807,"date":"2024-02-26T12:47:26","date_gmt":"2024-02-26T18:47:26","guid":{"rendered":"https:\/\/nvnoticias.mx\/?p=140807"},"modified":"2024-02-26T12:47:26","modified_gmt":"2024-02-26T18:47:26","slug":"anuncian-cocktail-d-automobile-en-coatepec","status":"publish","type":"post","link":"https:\/\/nvnoticias.mx\/index.php\/2024\/02\/26\/anuncian-cocktail-d-automobile-en-coatepec\/","title":{"rendered":"Anuncian Cocktail D\u00b4 Automobile en Coatepec"},"content":{"rendered":"\n<p><strong>Sam Ojeda\u00a0\/ NV Noticias<\/strong><\/p>\n\n\n\n<p>Xalapa.- El secretario de Turismo, Iv\u00e1n Mart\u00ednez Olvera dio a conocer que el pr\u00f3ximo 13 y 14 de abril se realizar\u00e1 la exposici\u00f3n Cocktail D\u00b4 Automobile en el Sal\u00f3n Texin de Coatepec.<\/p>\n\n\n\n<p>En conferencia de prensa indic\u00f3 que en este evento&nbsp; se podr\u00e1n expondr\u00e1n 150 autom\u00f3viles cl\u00e1sicos y de alta gama.<\/p>\n\n\n\n<p>Adem\u00e1s, se llevar\u00e1 a cabo una subasta de autos de colecci\u00f3n y a partir del 1 de abril todos los autom\u00f3viles que ser\u00e1n subastados figurar\u00e1n en un Cat\u00e1logo en L\u00ednea.<\/p>\n\n\n\n<p>El cat\u00e1logo estar\u00e1 disponible en la p\u00e1gina de internet\u00a0<a rel=\"noreferrer noopener\" href=\"http:\/\/www.subastasenmexico.com\/\" target=\"_blank\">www.subastasenmexico.com<\/a>\u00a0.\u00a0<\/p>\n\n\n\n<p>Detall\u00f3 que se contar\u00e1 con m\u00e1s de 36 patrocinadores y habr\u00e1 actividades para toda la familia pues se realizar\u00e1 una carrera de avalanchas y en esta puede participar el p\u00fablico en general.&nbsp;<\/p>\n\n\n\n<p>La avalancha que participe puede ser adornada de manera libre.&nbsp;<\/p>\n\n\n\n<p>Tambi\u00e9n habr\u00e1 pasarela de modas con la participaci\u00f3n de dise\u00f1adoras locales.<\/p>\n","protected":false},"excerpt":{"rendered":"<p>Sam Ojeda\u00a0\/ NV Noticias Xalapa.- El secretario de Turismo, Iv\u00e1n Mart\u00ednez Olvera dio a conocer que el pr\u00f3ximo 13 y 14 de abril se realizar\u00e1 la exposici\u00f3n Cocktail D\u00b4 Automobile en el Sal\u00f3n Texin de Coatepec. En conferencia de prensa indic\u00f3 que en este evento&nbsp; se podr\u00e1n expondr\u00e1n 150 autom\u00f3viles cl\u00e1sicos y de alta gama. [&hellip;]<\/p>\n","protected":false},"author":8,"featured_media":140808,"comment_status":"open","ping_status":"open","sticky":false,"template":"","format":"standard","meta":{"_monsterinsights_skip_tracking":false,"_monsterinsights_sitenote_active":false,"_monsterinsights_sitenote_note":"","_monsterinsights_sitenote_category":0,"footnotes":""},"categories":[154],"tags":[2012,29472],"class_list":["post-140807","post","type-post","status-publish","format-standard","has-post-thumbnail","hentry","category-veracruz","tag-coatepec","tag-cocktaild-automobile","wp-image-borders"],"amp_enabled":true,"_links":{"self":[{"href":"https:\/\/nvnoticias.mx\/index.php\/wp-json\/wp\/v2\/posts\/140807","targetHints":{"allow":["GET"]}}],"collection":[{"href":"https:\/\/nvnoticias.mx\/index.php\/wp-json\/wp\/v2\/posts"}],"about":[{"href":"https:\/\/nvnoticias.mx\/index.php\/wp-json\/wp\/v2\/types\/post"}],"author":[{"embeddable":true,"href":"https:\/\/nvnoticias.mx\/index.php\/wp-json\/wp\/v2\/users\/8"}],"replies":[{"embeddable":true,"href":"https:\/\/nvnoticias.mx\/index.php\/wp-json\/wp\/v2\/comments?post=140807"}],"version-history":[{"count":1,"href":"https:\/\/nvnoticias.mx\/index.php\/wp-json\/wp\/v2\/posts\/140807\/revisions"}],"predecessor-version":[{"id":140809,"href":"https:\/\/nvnoticias.mx\/index.php\/wp-json\/wp\/v2\/posts\/140807\/revisions\/140809"}],"wp:featuredmedia":[{"embeddable":true,"href":"https:\/\/nvnoticias.mx\/index.php\/wp-json\/wp\/v2\/media\/140808"}],"wp:attachment":[{"href":"https:\/\/nvnoticias.mx\/index.php\/wp-json\/wp\/v2\/media?parent=140807"}],"wp:term":[{"taxonomy":"category","embeddable":true,"href":"https:\/\/nvnoticias.mx\/index.php\/wp-json\/wp\/v2\/categories?post=140807"},{"taxonomy":"post_tag","embeddable":true,"href":"https:\/\/nvnoticias.mx\/index.php\/wp-json\/wp\/v2\/tags?post=140807"}],"curies":[{"name":"wp","href":"https:\/\/api.w.org\/{rel}","templated":true}]}}