{"id":140660,"date":"2024-02-24T15:14:58","date_gmt":"2024-02-24T21:14:58","guid":{"rendered":"https:\/\/nvnoticias.mx\/?p=140660"},"modified":"2024-02-24T15:14:59","modified_gmt":"2024-02-24T21:14:59","slug":"piden-seguro-catastrofico-para-do-3-mil-900-hectareas-en-veracruz","status":"publish","type":"post","link":"https:\/\/nvnoticias.mx\/index.php\/2024\/02\/24\/piden-seguro-catastrofico-para-do-3-mil-900-hectareas-en-veracruz\/","title":{"rendered":"Piden seguro catastr\u00f3fico para do 3 mil 900 hect\u00e1reas en Veracruz"},"content":{"rendered":"\n<p><strong>Jes\u00fas Utrilla \/ NV Noticias<\/strong><\/p>\n\n\n\n<p>Durante el periodo de septiembre de 2023 a enero de 2024, se activ\u00f3 el seguro agr\u00edcola catastr\u00f3fico en Veracruz debido a la sequ\u00eda, abarcando 3 mil 900 hect\u00e1reas afectadas. <\/p>\n\n\n\n<p>Seg\u00fan Evaristo Ovando Ram\u00edrez, secretario de Desarrollo Agropecuario, Rural y Pesca en el estado, las \u00e1reas m\u00e1s golpeadas se localizan en la zona central, con el ma\u00edz como el cultivo mayormente perjudicado.<\/p>\n\n\n\n<p>Ovando Ram\u00edrez destac\u00f3 que el a\u00f1o anterior, pese a que el fen\u00f3meno de El Ni\u00f1o no afect\u00f3 severamente la regi\u00f3n del Golfo de M\u00e9xico, a\u00fan as\u00ed se registraron p\u00e9rdidas, las cuales fueron compensadas en parte por el seguro agr\u00edcola catastr\u00f3fico de Veracruz, valorado en 30 millones de pesos y cubriendo hasta 240 mil hect\u00e1reas. <\/p>\n\n\n\n<p>En \u00e1reas como Paso de Ovejas, Puente Nacional y Comapa se concentran las mayores afectaciones, con este \u00faltimo esperando recibir los pagos correspondientes para mil 200 hect\u00e1reas antes del 27 de febrero.<\/p>\n\n\n\n<p>El secretario mencion\u00f3 que los tiempos de pago se han agilizado, con los productores recibiendo los recursos en un plazo m\u00e1ximo de tres meses. <\/p>\n\n\n\n<p>En cuanto a la inversi\u00f3n en el campo veracruzano, Ovando Ram\u00edrez se\u00f1al\u00f3 que anualmente se destinan alrededor de 40 mil millones de pesos, con el gobierno estatal aportando aproximadamente 7 mil millones, complementados por 8 mil millones provenientes de la Secretar\u00eda del Bienestar y la Comisi\u00f3n Nacional del Agua, adem\u00e1s de 10 mil millones canalizados por la banca privada y otras entidades financieras.<\/p>\n\n\n\n<p>El Foro Estatal de Resultados Sembrando Vida, celebrado en Boca del R\u00edo, sirvi\u00f3 para resaltar la colaboraci\u00f3n entre los distintos niveles de gobierno, con representantes de las cuatro regiones del programa presentes. <\/p>\n\n\n\n<p>En cuanto a Sembrando Vida, se ha logrado la reconversi\u00f3n de 252 mil hect\u00e1reas sin el uso de herbicidas, promoviendo adem\u00e1s la autogesti\u00f3n de insumos por parte de los productores y fomentando la diversidad en la producci\u00f3n de alimentos saludables.<\/p>\n","protected":false},"excerpt":{"rendered":"<p>Jes\u00fas Utrilla \/ NV Noticias Durante el periodo de septiembre de 2023 a enero de 2024, se activ\u00f3 el seguro agr\u00edcola catastr\u00f3fico en Veracruz debido a la sequ\u00eda, abarcando 3 mil 900 hect\u00e1reas afectadas. Seg\u00fan Evaristo Ovando Ram\u00edrez, secretario de Desarrollo Agropecuario, Rural y Pesca en el estado, las \u00e1reas m\u00e1s golpeadas se localizan en [&hellip;]<\/p>\n","protected":false},"author":8,"featured_media":140661,"comment_status":"open","ping_status":"open","sticky":false,"template":"","format":"standard","meta":{"_monsterinsights_skip_tracking":false,"_monsterinsights_sitenote_active":false,"_monsterinsights_sitenote_note":"","_monsterinsights_sitenote_category":0,"footnotes":""},"categories":[154],"tags":[10309,29464,2538],"class_list":["post-140660","post","type-post","status-publish","format-standard","has-post-thumbnail","hentry","category-veracruz","tag-hectareas","tag-seguro-catastrofico","tag-sequia","wp-image-borders"],"amp_enabled":true,"_links":{"self":[{"href":"https:\/\/nvnoticias.mx\/index.php\/wp-json\/wp\/v2\/posts\/140660","targetHints":{"allow":["GET"]}}],"collection":[{"href":"https:\/\/nvnoticias.mx\/index.php\/wp-json\/wp\/v2\/posts"}],"about":[{"href":"https:\/\/nvnoticias.mx\/index.php\/wp-json\/wp\/v2\/types\/post"}],"author":[{"embeddable":true,"href":"https:\/\/nvnoticias.mx\/index.php\/wp-json\/wp\/v2\/users\/8"}],"replies":[{"embeddable":true,"href":"https:\/\/nvnoticias.mx\/index.php\/wp-json\/wp\/v2\/comments?post=140660"}],"version-history":[{"count":1,"href":"https:\/\/nvnoticias.mx\/index.php\/wp-json\/wp\/v2\/posts\/140660\/revisions"}],"predecessor-version":[{"id":140662,"href":"https:\/\/nvnoticias.mx\/index.php\/wp-json\/wp\/v2\/posts\/140660\/revisions\/140662"}],"wp:featuredmedia":[{"embeddable":true,"href":"https:\/\/nvnoticias.mx\/index.php\/wp-json\/wp\/v2\/media\/140661"}],"wp:attachment":[{"href":"https:\/\/nvnoticias.mx\/index.php\/wp-json\/wp\/v2\/media?parent=140660"}],"wp:term":[{"taxonomy":"category","embeddable":true,"href":"https:\/\/nvnoticias.mx\/index.php\/wp-json\/wp\/v2\/categories?post=140660"},{"taxonomy":"post_tag","embeddable":true,"href":"https:\/\/nvnoticias.mx\/index.php\/wp-json\/wp\/v2\/tags?post=140660"}],"curies":[{"name":"wp","href":"https:\/\/api.w.org\/{rel}","templated":true}]}}