{"id":140330,"date":"2024-02-21T12:14:00","date_gmt":"2024-02-21T18:14:00","guid":{"rendered":"https:\/\/nvnoticias.mx\/?p=140330"},"modified":"2024-02-21T12:14:02","modified_gmt":"2024-02-21T18:14:02","slug":"exigen-militantes-del-pt-prioridad-en-candidaturas-a-diputaciones-locales","status":"publish","type":"post","link":"https:\/\/nvnoticias.mx\/index.php\/2024\/02\/21\/exigen-militantes-del-pt-prioridad-en-candidaturas-a-diputaciones-locales\/","title":{"rendered":"Exigen militantes del PT prioridad en candidaturas a diputaciones locales"},"content":{"rendered":"\n<p><strong>Jes\u00fas Utrilla \/ NV Noticias<\/strong><\/p>\n\n\n\n<p>Integrantes del Partido del Trabajo reclamaron que est\u00e1n siendo desplazados por militantes del PRI y PAN para las candidaturas a las diputaciones locales.<\/p>\n\n\n\n<p>Juan Miguel G\u00f3ngora Sohle, coordinador regional del Partido del Trabajo (PT), admiti\u00f3 que las candidaturas ser\u00e1n tomadas mediante encuestas, un m\u00e9todo te\u00f3ricamente democr\u00e1tico, pero que suscita preocupaci\u00f3n entre las bases ante la posibilidad de que exmiembros de otros partidos ocupen roles preeminentes.<\/p>\n\n\n\n<p>Exigi\u00f3 no ser desplazados por personajes del PRI y PAN que busca sumarse a la Cuarta Transformaci\u00f3n ya que las bases se ver\u00edan afectadas.<\/p>\n\n\n\n<blockquote class=\"wp-block-quote is-layout-flow wp-block-quote-is-layout-flow\"><p><em>\u201cQueremos que se respete la aspiraci\u00f3n leg\u00edtima de todos los compa\u00f1eros del movimiento que han venido caminando de hace muchos a\u00f1os, es decir, hay una desbandada de elementos de otros partidos en este momento en que se definen las candidaturas y estamos claros de que vienen a buscar un espacio y no queremos que se ignore a las bases, queremos que se formen atr\u00e1s, donde les corresponde\u201d.<\/em><\/p><\/blockquote>\n\n\n\n<p>Advirti\u00f3 que no se tolerar\u00e1 que los a\u00f1os de esfuerzo y lealtad sean pasados por alto en favor de aquellos que apenas se suman a la actividad pol\u00edtica. <\/p>\n\n\n\n<p>Y es que se acercaron ex militantes del PRI y PAN en busca de una candidatura a la diputaci\u00f3n local.<\/p>\n\n\n\n<p>Por otro lado, se\u00f1al\u00f3 que el fin de semana entregar\u00e1n a Roc\u00edo Nahle  Garc\u00eda su registro como candidata del Partido del Trabajo rumbo a la Gubernatura del Estado.<\/p>\n","protected":false},"excerpt":{"rendered":"<p>Jes\u00fas Utrilla \/ NV Noticias Integrantes del Partido del Trabajo reclamaron que est\u00e1n siendo desplazados por militantes del PRI y PAN para las candidaturas a las diputaciones locales. Juan Miguel G\u00f3ngora Sohle, coordinador regional del Partido del Trabajo (PT), admiti\u00f3 que las candidaturas ser\u00e1n tomadas mediante encuestas, un m\u00e9todo te\u00f3ricamente democr\u00e1tico, pero que suscita preocupaci\u00f3n [&hellip;]<\/p>\n","protected":false},"author":8,"featured_media":140335,"comment_status":"open","ping_status":"open","sticky":false,"template":"","format":"standard","meta":{"_monsterinsights_skip_tracking":false,"_monsterinsights_sitenote_active":false,"_monsterinsights_sitenote_note":"","_monsterinsights_sitenote_category":0,"footnotes":""},"categories":[154],"tags":[610,1209,345],"class_list":["post-140330","post","type-post","status-publish","format-standard","has-post-thumbnail","hentry","category-veracruz","tag-candidaturas","tag-militantes","tag-pt","wp-image-borders"],"amp_enabled":true,"_links":{"self":[{"href":"https:\/\/nvnoticias.mx\/index.php\/wp-json\/wp\/v2\/posts\/140330","targetHints":{"allow":["GET"]}}],"collection":[{"href":"https:\/\/nvnoticias.mx\/index.php\/wp-json\/wp\/v2\/posts"}],"about":[{"href":"https:\/\/nvnoticias.mx\/index.php\/wp-json\/wp\/v2\/types\/post"}],"author":[{"embeddable":true,"href":"https:\/\/nvnoticias.mx\/index.php\/wp-json\/wp\/v2\/users\/8"}],"replies":[{"embeddable":true,"href":"https:\/\/nvnoticias.mx\/index.php\/wp-json\/wp\/v2\/comments?post=140330"}],"version-history":[{"count":1,"href":"https:\/\/nvnoticias.mx\/index.php\/wp-json\/wp\/v2\/posts\/140330\/revisions"}],"predecessor-version":[{"id":140336,"href":"https:\/\/nvnoticias.mx\/index.php\/wp-json\/wp\/v2\/posts\/140330\/revisions\/140336"}],"wp:featuredmedia":[{"embeddable":true,"href":"https:\/\/nvnoticias.mx\/index.php\/wp-json\/wp\/v2\/media\/140335"}],"wp:attachment":[{"href":"https:\/\/nvnoticias.mx\/index.php\/wp-json\/wp\/v2\/media?parent=140330"}],"wp:term":[{"taxonomy":"category","embeddable":true,"href":"https:\/\/nvnoticias.mx\/index.php\/wp-json\/wp\/v2\/categories?post=140330"},{"taxonomy":"post_tag","embeddable":true,"href":"https:\/\/nvnoticias.mx\/index.php\/wp-json\/wp\/v2\/tags?post=140330"}],"curies":[{"name":"wp","href":"https:\/\/api.w.org\/{rel}","templated":true}]}}