{"id":1403,"date":"2021-01-17T10:52:26","date_gmt":"2021-01-17T16:52:26","guid":{"rendered":"https:\/\/nvnoticias.mx\/?p=1403"},"modified":"2021-01-17T10:59:00","modified_gmt":"2021-01-17T16:59:00","slug":"autoridades-guatemaltecas-intentan-frenar-caravana-migrante-pretenden-llegar-a-mexico","status":"publish","type":"post","link":"https:\/\/nvnoticias.mx\/index.php\/2021\/01\/17\/autoridades-guatemaltecas-intentan-frenar-caravana-migrante-pretenden-llegar-a-mexico\/","title":{"rendered":"Autoridades guatemaltecas intentan frenar caravana migrante, pretenden llegar a M\u00e9xico"},"content":{"rendered":"\n<p>Con el uso de palos y gas lacrim\u00f3geno fuerzas de\u00a0seguridad de Guatemala\u00a0detuvieron y reprendieron violentamente este domingo a una\u00a0<strong>caravana migrante<\/strong>\u00a0compuesta por miles de\u00a0<strong>hondure\u00f1os<\/strong>, que pretenden llegar a\u00a0<strong>M\u00e9xico<\/strong>, para posteriormente avanzar a\u00a0<strong>Estados Unidos<\/strong>\u00a0en busca del sue\u00f1o americano.<\/p>\n\n\n\n<figure class=\"wp-block-embed is-type-rich is-provider-twitter wp-block-embed-twitter\"><div class=\"wp-block-embed__wrapper\">\n<blockquote class=\"twitter-tweet\" data-width=\"550\" data-dnt=\"true\"><p lang=\"es\" dir=\"ltr\">Mar de migrantes llega a Guatemala. Su pr\u00f3ximo objetivo, M\u00e9xico, que funge como Pa\u00eds Seguro. <a href=\"https:\/\/t.co\/Z2ShkPtedI\">pic.twitter.com\/Z2ShkPtedI<\/a><\/p>&mdash; Emilio G\u00f3mez Islas (@egomezislas) <a href=\"https:\/\/twitter.com\/egomezislas\/status\/1350836266380750848?ref_src=twsrc%5Etfw\">January 17, 2021<\/a><\/blockquote><script async src=\"https:\/\/platform.twitter.com\/widgets.js\" charset=\"utf-8\"><\/script>\n<\/div><\/figure>\n\n\n\n<p>Cabe recordar que la caravana comenz\u00f3 a salir desde San Pedro Sula, en Honduras, en distintas fases durante el mi\u00e9rcoles, jueves y viernes. <\/p>\n\n\n\n<p>El Instituto Guatemalteco de Migraci\u00f3n confirm\u00f3 a periodistas que \u201cse reportan varias personas heridas\u201d, incluido su personal, miembros del Ej\u00e9rcito de Guatemala y migrantes hondure\u00f1os, aunque sin m\u00e1s detalles por el momento.<\/p>\n\n\n\n<p>Fuente: Milenio \/ Latinus<\/p>\n","protected":false},"excerpt":{"rendered":"<p>La caravana comenz\u00f3 a salir desde San Pedro Sula, en Honduras, en distintas fases durante el mi\u00e9rcoles, jueves y viernes. <\/p>\n","protected":false},"author":6,"featured_media":1406,"comment_status":"open","ping_status":"open","sticky":false,"template":"","format":"standard","meta":{"_monsterinsights_skip_tracking":false,"_monsterinsights_sitenote_active":false,"_monsterinsights_sitenote_note":"","_monsterinsights_sitenote_category":0,"footnotes":""},"categories":[181],"tags":[479,453,162],"class_list":["post-1403","post","type-post","status-publish","format-standard","has-post-thumbnail","hentry","category-internacional","tag-caravana-migrante","tag-hondurenos","tag-portada","wp-image-borders"],"amp_enabled":true,"_links":{"self":[{"href":"https:\/\/nvnoticias.mx\/index.php\/wp-json\/wp\/v2\/posts\/1403","targetHints":{"allow":["GET"]}}],"collection":[{"href":"https:\/\/nvnoticias.mx\/index.php\/wp-json\/wp\/v2\/posts"}],"about":[{"href":"https:\/\/nvnoticias.mx\/index.php\/wp-json\/wp\/v2\/types\/post"}],"author":[{"embeddable":true,"href":"https:\/\/nvnoticias.mx\/index.php\/wp-json\/wp\/v2\/users\/6"}],"replies":[{"embeddable":true,"href":"https:\/\/nvnoticias.mx\/index.php\/wp-json\/wp\/v2\/comments?post=1403"}],"version-history":[{"count":1,"href":"https:\/\/nvnoticias.mx\/index.php\/wp-json\/wp\/v2\/posts\/1403\/revisions"}],"predecessor-version":[{"id":1405,"href":"https:\/\/nvnoticias.mx\/index.php\/wp-json\/wp\/v2\/posts\/1403\/revisions\/1405"}],"wp:featuredmedia":[{"embeddable":true,"href":"https:\/\/nvnoticias.mx\/index.php\/wp-json\/wp\/v2\/media\/1406"}],"wp:attachment":[{"href":"https:\/\/nvnoticias.mx\/index.php\/wp-json\/wp\/v2\/media?parent=1403"}],"wp:term":[{"taxonomy":"category","embeddable":true,"href":"https:\/\/nvnoticias.mx\/index.php\/wp-json\/wp\/v2\/categories?post=1403"},{"taxonomy":"post_tag","embeddable":true,"href":"https:\/\/nvnoticias.mx\/index.php\/wp-json\/wp\/v2\/tags?post=1403"}],"curies":[{"name":"wp","href":"https:\/\/api.w.org\/{rel}","templated":true}]}}