{"id":140231,"date":"2024-02-20T19:25:49","date_gmt":"2024-02-21T01:25:49","guid":{"rendered":"https:\/\/nvnoticias.mx\/?p=140231"},"modified":"2024-02-20T19:25:50","modified_gmt":"2024-02-21T01:25:50","slug":"negociacion-o-claudicacion","status":"publish","type":"post","link":"https:\/\/nvnoticias.mx\/index.php\/2024\/02\/20\/negociacion-o-claudicacion\/","title":{"rendered":"\u00bfNegociaci\u00f3n o claudicaci\u00f3n?"},"content":{"rendered":"\n<p><strong>Ricardo Homs <\/strong><\/p>\n\n\n\n<p>El gobierno de la&nbsp;<strong>4T<\/strong>&nbsp;ha claudicado frente al&nbsp;<strong>crimen organizado<\/strong><\/p>\n\n\n\n<p>Esta es la interpretaci\u00f3n que surge despu\u00e9s de escuchar la \u201cma\u00f1anera\u201d del jueves 15 cuando un periodista le pregunt\u00f3 al presidente&nbsp;<a href=\"https:\/\/www.eluniversal.com.mx\/nacion\/amlo-no-vemos-que-se-desate-la-violencia-politica-electoral\/\" target=\"_blank\" rel=\"noreferrer noopener\"><strong>L\u00f3pez Obrador<\/strong><\/a>&nbsp;su opini\u00f3n respecto del intento desesperado de los seis obispos cat\u00f3licos de&nbsp;<strong>Guerrero<\/strong>, quienes -pretendiendo frenar la escalada de violencia que azota a ese estado- se reunieron con los<strong>&nbsp;l\u00edderes criminales<\/strong>&nbsp;que tienen el control de esa regi\u00f3n.<\/p>\n\n\n\n<p>La respuesta del presidente L\u00f3pez Obrador fue de aprobaci\u00f3n por esta iniciativa y benepl\u00e1cito, destacando la necesidad de que la sociedad civil participe en acciones que frenen la&nbsp;<strong>violencia<\/strong>.<\/p>\n\n\n\n<p>Sin embargo, esta respuesta fue la confesi\u00f3n de una derrota aceptada.<\/p>\n\n\n\n<p>La superficialidad de la actitud presidencial frente a esta escalada de violencia y su pretensi\u00f3n de culpar a los medios de comunicaci\u00f3n de magnificar estos hechos con fines pol\u00edticos -as\u00ed como de se\u00f1alar dentro de este complot a las v\u00edctimas- llama la atenci\u00f3n.<\/p>\n\n\n\n<p>Quiere convencernos de que esta&nbsp;<strong>violencia&nbsp;<\/strong>es normal en el mundo de hoy y para ello su narrativa, -al referirse a los diversos grupos delincuenciales que d\u00eda a d\u00eda toman<strong>&nbsp;control territorial&nbsp;<\/strong>de un n\u00famero cada vez mayor de zonas-, tiene cada vez m\u00e1s significado.<\/p>\n\n\n\n<p>Parece ser que nos los quiere presentar como un grupo de muchachos mal portados que cometen peque\u00f1os desmanes y diabluras. Para ello ha asumido una actitud paternal y moralista, como cuando los amenaz\u00f3 con \u201cacusarlos con sus pap\u00e1s\u201d, o cuando despu\u00e9s de las&nbsp;<strong>elecciones del 2021<\/strong>&nbsp;se le cuestion\u00f3 la injerencia del crimen organizado, los exculp\u00f3 diciendo que \u201cse portaron bien\u201d. Quiere convencernos a todos los mexicanos de que el crimen organizado es un fen\u00f3meno reivindicatorio que se justifica como producto de las injusticias sociales.<\/p>\n\n\n\n<p>Es el enfoque ideol\u00f3gico que justifica la violencia.<\/p>\n\n\n\n<p>Varias veces el presidente ha hablado de los<strong>&nbsp;derechos humanos<\/strong>&nbsp;de los delincuentes, sin tomar en cuenta los de las v\u00edctimas.<\/p>\n\n\n\n<p>Al paso del tiempo el problema se agrava y la&nbsp;<strong>delincuencia organizada&nbsp;<\/strong>de hoy no s\u00f3lo se ha vuelto m\u00e1s violenta y s\u00e1dica, sino que se ha profesionalizado frente a la indiferencia y desd\u00e9n de este gobierno.<\/p>\n\n\n\n<p>Este viernes 15 de febrero el secretario de la&nbsp;<strong>SEDENA<\/strong>&nbsp;reconoci\u00f3 que varias unidades militares han sido atacadas \u00faltimamente con balas tan poderosas que traspasan el blindaje de los veh\u00edculos militares -como sucedi\u00f3 el 10 de enero pasado en Nuevo Le\u00f3n-, cuando un veh\u00edculo DN XI y dos camionetas&nbsp;<strong>Cheyenne&nbsp;<\/strong>fueron atacados con armas calibre 50 que perforaron el blindaje militar.<\/p>\n\n\n\n<p>Estas son armas de alto calibre que son fabricadas en&nbsp;<strong>Salt Lake City<\/strong>, Estados Unidos, para el ej\u00e9rcito norteamericano, pero que inexplicablemente al amparo de la corrupci\u00f3n gubernamental llegan a la delincuencia organizada.<\/p>\n\n\n\n<p>Tambi\u00e9n debemos reconocer que cada vez es m\u00e1s frecuente encontrar minas sembradas en la regi\u00f3n de&nbsp;<strong>\u201cTierra Caliente\u201d<\/strong>. Estos artefactos explosivos son utilizados en conflictos armados internacionales como la guerra en la Franja de Gaza y en la de Ucrania.<\/p>\n\n\n\n<p>\u00bfQu\u00e9 decir de los ataques con drones cargados de explosivos en contra de la poblaci\u00f3n civil?&#8230; Esto se ha convertido en un riesgo cotidiano en zonas colindantes de&nbsp;<strong>Michoac\u00e1n<\/strong>, Guerrero y el Estado de M\u00e9xico, obligando a las familias a abandonar sus tierras, para entonces apoderarse de ellas.<\/p>\n\n\n\n<p>Adem\u00e1s, el Ej\u00e9rcito ha descubierto f\u00e1bricas de armamento y municiones de los grupos delictivos.<\/p>\n\n\n\n<p>\u00bf\u00c9sto no supone ya un riesgo de seguridad nacional?<\/p>\n\n\n\n<p>Las autoridades electorales como&nbsp;<strong>TRIFE&nbsp;<\/strong>e&nbsp;<strong>IFE&nbsp;<\/strong>ya han reconocido los riesgos de injerencia del crimen organizado en las pr\u00f3ximas elecciones presidenciales.<\/p>\n\n\n\n<p>Sin embargo, el presidente&nbsp;<strong>L\u00f3pez Obrador,<\/strong>&nbsp;-frente a las preocupaciones de la sociedad civil-, argumenta siempre que existe un complot en su contra.<\/p>\n\n\n\n<p>Es importante reconocer que mientras el problema de las drogas se relaciona con los grandes c\u00e1rteles y ello se ha convertido en un problema gubernamental frente al&nbsp;<strong>gobierno&nbsp;<\/strong>de Estados Unidos, el&nbsp;<strong>problema dom\u00e9stico<\/strong>&nbsp;es a\u00fan m\u00e1s grave, pues pone en riesgo la seguridad y la vida de los mexicanos.<\/p>\n\n\n\n<p>El cobro del derecho de piso, la extorsi\u00f3n, la&nbsp;<strong>desaparici\u00f3n&nbsp;<\/strong>de personas, la expulsi\u00f3n de comunidades enteras de sus tierras, los asaltos en carreteras, entre otras modalidades delictivas, se ha convertido en la tragedia cotidiana de millones de mexicanos y no se deben mezclar ambos tipos de delitos, pues requieren de&nbsp;<strong>estrategias&nbsp;<\/strong>y soluciones radicalmente diferentes.<\/p>\n\n\n\n<p>Ante la&nbsp;<strong>indiferencia gubernamental<\/strong>&nbsp;que minimiza el impacto del problema, cada vez m\u00e1s la sociedad civil decide negociar directamente con los criminales y dentro de este fen\u00f3meno debemos interpretar la intenci\u00f3n de los obispos, -quienes pretendiendo frenar esta violencia desbordada-, decidieron negociar directamente con los criminales del Estado de Guerrero.<\/p>\n\n\n\n<p>Sin embargo, la pretendida negociaci\u00f3n no significaba la desaparici\u00f3n de los actos delictivos, sino la disminuci\u00f3n de las agresiones violentas, a cambio reconocer la impunidad.<\/p>\n\n\n\n<p>A final de cuentas la negociaci\u00f3n se sustentaba en respetar los negocios delictivos existentes simplemente a cambio de una reducci\u00f3n de la violencia.<\/p>\n\n\n\n<p>Es la autoridad quien tiene la obligaci\u00f3n de garantizar la paz social y la seguridad de todos los mexicanos y esta potestad no puede ser delegada.<\/p>\n\n\n\n<p>Es de agradecer el gesto solidario de los l\u00edderes religiosos que participaron como mediadores en este grave conflicto que diariamente genera muertes a lo largo de nuestro territorio.<\/p>\n\n\n\n<p>La&nbsp;<strong>Iglesia Cat\u00f3lica<\/strong>&nbsp;ha sido agredida por el crimen organizado y varios sacerdotes han sido asesinados y agredidos por interceder por sus feligreses en territorios de alta peligrosidad, pero esa no es la soluci\u00f3n de fondo.<\/p>\n\n\n\n<p>Reconocer la incapacidad gubernamental para imponer el orden, contando con todos los recursos tecnol\u00f3gicos y t\u00e1cticos que poseen las fuerzas armadas, -despu\u00e9s de tantas asignaciones econ\u00f3micas y contar con una n\u00f3mina creciente-, es inentendible.<\/p>\n\n\n\n<p>La SEDENA cuenta con 261,773 miembros, 87,556 la&nbsp;<strong>SEMAR&nbsp;<\/strong>y&nbsp;<strong>Fuerza A\u00e9rea&nbsp;<\/strong>30,517<\/p>\n\n\n\n<p>Simplemente la reasignaci\u00f3n de las fuerzas armadas para que en lugar de dedicarse a labores de construcci\u00f3n de obra civil y operaci\u00f3n de empresas de transporte se dedicasen al 100% a combatir al crimen organizado y garantizar la paz social, generar\u00eda resultados muy diferentes.<\/p>\n\n\n\n<p>Los riesgos son altos para la ciudadan\u00eda en el tiempo inmediato y no es aceptable la frivolidad del planteamiento ideol\u00f3gico de la narrativa presidencial. Son tiempos de acciones y no de palabras.<\/p>\n\n\n\n<p>M\u00e1s que negociar, para reducir la violencia quiz\u00e1 sean tiempos de plantear acciones como la amnist\u00eda para quienes decidan abandonar las actividades delictivas. Para evitar represalias quiz\u00e1 sea necesario dotar a los amnistiados de una nueva identidad en un esquema de reinserci\u00f3n social en libertad.<\/p>\n\n\n\n<p>Se requiere primeramente reconocer la gravedad del problema y no seguirlo ocultando y despu\u00e9s, asumir estrategias creadas por profesionales.<\/p>\n\n\n\n<h2 class=\"wp-block-heading\"><strong>EL DUE\u00d1O DE LA VERDAD<\/strong><\/h2>\n\n\n\n<p>El poder absoluto genera percepciones p\u00fablicas de liderazgo y sabidur\u00eda, las cuales concluyen invariablemente con la temporalidad del fin del cargo, cuando el sucesor toma la estafeta y rol de todopoderoso y sabio.<\/p>\n\n\n\n<p>El presidente cuestion\u00f3 las opiniones de Carlos Slim, -que son compartidas por un importante sector de la poblaci\u00f3n-, respecto al alcance de las responsabilidades asignadas al Ej\u00e9rcito, -que seg\u00fan el ingeniero Slim-, en este sexenio se han extralimitado.<\/p>\n\n\n\n<p>El presidente refut\u00f3 la opini\u00f3n de este importante empresario e impuso su verdad como incuestionable.<\/p>\n\n\n\n<p>Es evidente que el Ej\u00e9rcito est\u00e1 operando proyectos en \u00e1mbitos propios de la sociedad civil y la iniciativa privada, convirtiendo a esta importante instituci\u00f3n militar, en un conglomerado empresarial.<\/p>\n\n\n\n<p>En la ma\u00f1anera del martes 13 de febrero, -donde refut\u00f3 la opini\u00f3n del ingeniero Slim-, el presidente defini\u00f3 las cinco misiones que \u00e9l visualiza para el Ej\u00e9rcito, y son: proteger nuestra soberan\u00eda, garantizar nuestra seguridad interior, el apoyo social, la construcci\u00f3n de obras para el desarrollo de M\u00e9xico y ya no defini\u00f3 la quinta.<\/p>\n\n\n\n<p>Sin embargo, todo indica que el presidente desconoce que la Constituci\u00f3n hoy vigente en M\u00e9xico, en su art\u00edculo 129 define que \u201cen tiempos de paz ninguna autoridad militar puede ejercer m\u00e1s funciones que las que tengan exacta conexi\u00f3n con la disciplina militar\u201d.<\/p>\n\n\n\n<p>\u00bfAhora su verdad est\u00e1 por encima de la Constituci\u00f3n?<\/p>\n\n\n\n<p>\u00bfA usted qu\u00e9 le parece?<\/p>\n\n\n\n<p>Facebook: @Ricardo.Homs1<\/p>\n\n\n\n<p>\u201cX\u201d, (Twitter): @homsricardo<\/p>\n\n\n\n<p>Linkedin: Ricardo Homs<\/p>\n\n\n\n<p><a href=\"http:\/\/www.ricardohoms.com\/\" target=\"_blank\" rel=\"noreferrer noopener\">www.ricardohoms.com<\/a><\/p>\n","protected":false},"excerpt":{"rendered":"<p>Ricardo Homs El gobierno de la&nbsp;4T&nbsp;ha claudicado frente al&nbsp;crimen organizado Esta es la interpretaci\u00f3n que surge despu\u00e9s de escuchar la \u201cma\u00f1anera\u201d del jueves 15 cuando un periodista le pregunt\u00f3 al presidente&nbsp;L\u00f3pez Obrador&nbsp;su opini\u00f3n respecto del intento desesperado de los seis obispos cat\u00f3licos de&nbsp;Guerrero, quienes -pretendiendo frenar la escalada de violencia que azota a ese estado- [&hellip;]<\/p>\n","protected":false},"author":18,"featured_media":81704,"comment_status":"open","ping_status":"open","sticky":false,"template":"","format":"standard","meta":{"_monsterinsights_skip_tracking":false,"_monsterinsights_sitenote_active":false,"_monsterinsights_sitenote_note":"","_monsterinsights_sitenote_category":0,"footnotes":""},"categories":[246],"tags":[173],"class_list":["post-140231","post","type-post","status-publish","format-standard","has-post-thumbnail","hentry","category-ricardo-homs","tag-ricardo-homs","wp-image-borders"],"amp_enabled":true,"_links":{"self":[{"href":"https:\/\/nvnoticias.mx\/index.php\/wp-json\/wp\/v2\/posts\/140231","targetHints":{"allow":["GET"]}}],"collection":[{"href":"https:\/\/nvnoticias.mx\/index.php\/wp-json\/wp\/v2\/posts"}],"about":[{"href":"https:\/\/nvnoticias.mx\/index.php\/wp-json\/wp\/v2\/types\/post"}],"author":[{"embeddable":true,"href":"https:\/\/nvnoticias.mx\/index.php\/wp-json\/wp\/v2\/users\/18"}],"replies":[{"embeddable":true,"href":"https:\/\/nvnoticias.mx\/index.php\/wp-json\/wp\/v2\/comments?post=140231"}],"version-history":[{"count":1,"href":"https:\/\/nvnoticias.mx\/index.php\/wp-json\/wp\/v2\/posts\/140231\/revisions"}],"predecessor-version":[{"id":140232,"href":"https:\/\/nvnoticias.mx\/index.php\/wp-json\/wp\/v2\/posts\/140231\/revisions\/140232"}],"wp:featuredmedia":[{"embeddable":true,"href":"https:\/\/nvnoticias.mx\/index.php\/wp-json\/wp\/v2\/media\/81704"}],"wp:attachment":[{"href":"https:\/\/nvnoticias.mx\/index.php\/wp-json\/wp\/v2\/media?parent=140231"}],"wp:term":[{"taxonomy":"category","embeddable":true,"href":"https:\/\/nvnoticias.mx\/index.php\/wp-json\/wp\/v2\/categories?post=140231"},{"taxonomy":"post_tag","embeddable":true,"href":"https:\/\/nvnoticias.mx\/index.php\/wp-json\/wp\/v2\/tags?post=140231"}],"curies":[{"name":"wp","href":"https:\/\/api.w.org\/{rel}","templated":true}]}}