{"id":140220,"date":"2024-02-20T16:27:21","date_gmt":"2024-02-20T22:27:21","guid":{"rendered":"https:\/\/nvnoticias.mx\/?p=140220"},"modified":"2024-02-20T16:27:22","modified_gmt":"2024-02-20T22:27:22","slug":"ya-inicio-basificacion-de-trabajadores-del-imss-bienestar","status":"publish","type":"post","link":"https:\/\/nvnoticias.mx\/index.php\/2024\/02\/20\/ya-inicio-basificacion-de-trabajadores-del-imss-bienestar\/","title":{"rendered":"Ya inici\u00f3 basificaci\u00f3n de trabajadores del IMSS-Bienestar"},"content":{"rendered":"\n<p><strong>Sam Ojeda\u00a0\/ NV Noticias<\/strong><\/p>\n\n\n\n<p>Xalapa.- De un universo de 10 mil empleados que no ten\u00edan base, el Gobierno de Veracruz ha basificado de entre 3 mil a 3 mil 500 trabajadores del esquema de atenci\u00f3n IMSS-Bienestar en el estado de Veracruz,&nbsp; indic\u00f3 el gobernador Cuitl\u00e1huac Garc\u00eda Jim\u00e9nez.<\/p>\n\n\n\n<p>En conferencia de prensa admiti\u00f3 que dicho proceso contin\u00faa debido a los casos de personas con dos empleos: uno en Salud sin \u201cbase\u201d y otro con \u201cbase\u201d en dependencias gubernamentales, e incluso en la iniciativa privada.&nbsp;<\/p>\n\n\n\n<p>Se\u00f1al\u00f3 que cuando iniciaron la administraci\u00f3n exist\u00eda un universo cercano a los 10 mil trabajadores sin base.&nbsp;<\/p>\n\n\n\n<blockquote class=\"wp-block-quote is-layout-flow wp-block-quote-is-layout-flow\"><p>\u201c(<em>Llevamos) 3 mil 300, 3 mil 500, pero si nos esperamos, nos va a llevar el a\u00f1o y no ser\u00eda justo para varios, lo mejor es que con los que est\u00e9n v\u00e1monos<\/em>\u201d.<\/p><\/blockquote>\n\n\n\n<p>El Mandatario dio a conocer que promovi\u00f3 ante el IMSS-Bienestar y ante el Director del Seguro Social, Zoe Robledo la propuesta de avanzar la basificaci\u00f3n de los casos de los trabajadores con documentaci\u00f3n resuelta y en los siguientes meses se atienda a aquellos con doble turno en mesas de trabajo.<\/p>\n\n\n\n<blockquote class=\"wp-block-quote is-layout-flow wp-block-quote-is-layout-flow\"><p>\u201c<em>Yo solicit\u00e9 a IMSS-Bienestar que no nos esper\u00e1ramos a que todos los asuntos quedaran plenamente aclarados de todos porque se nos va a ir el a\u00f1o y si tenemos personas que tienen aclarada y limpia su documentaci\u00f3n que se haga la contrataci\u00f3n y se basifique, (\u2026) este trabajo uno por uno nos va a llevar mucho tiempo, en lo que administrativamente se ve ese tema, que presentan constancias, todo ese tipo de cosas que se atienda de manera particular en mesas de trabajo con los trabajadores<\/em>\u201d.<\/p><\/blockquote>\n\n\n\n<p>Garc\u00eda Jim\u00e9nez explic\u00f3 que por lo anterior el beneficiario debe elegir a cual plaza renunciar y es dicho tr\u00e1mite por el cual contin\u00faan los procesos de contrataci\u00f3n en IMSS-Bienestar.<\/p>\n\n\n\n<blockquote class=\"wp-block-quote is-layout-flow wp-block-quote-is-layout-flow\"><p>\u201c<em>Hay que preguntar a esa persona a cu\u00e1l renuncia, cu\u00e1l vas a aceptar porque no se puede, no son compatibles<\/em>\u201d.<\/p><\/blockquote>\n","protected":false},"excerpt":{"rendered":"<p>Sam Ojeda\u00a0\/ NV Noticias Xalapa.- De un universo de 10 mil empleados que no ten\u00edan base, el Gobierno de Veracruz ha basificado de entre 3 mil a 3 mil 500 trabajadores del esquema de atenci\u00f3n IMSS-Bienestar en el estado de Veracruz,&nbsp; indic\u00f3 el gobernador Cuitl\u00e1huac Garc\u00eda Jim\u00e9nez. En conferencia de prensa admiti\u00f3 que dicho proceso [&hellip;]<\/p>\n","protected":false},"author":8,"featured_media":140221,"comment_status":"open","ping_status":"open","sticky":false,"template":"","format":"standard","meta":{"_monsterinsights_skip_tracking":false,"_monsterinsights_sitenote_active":false,"_monsterinsights_sitenote_note":"","_monsterinsights_sitenote_category":0,"footnotes":""},"categories":[156],"tags":[14655,6835,365,941],"class_list":["post-140220","post","type-post","status-publish","format-standard","has-post-thumbnail","hentry","category-estado","tag-basificacion","tag-bienestar","tag-imss","tag-trabajadores","wp-image-borders"],"amp_enabled":true,"_links":{"self":[{"href":"https:\/\/nvnoticias.mx\/index.php\/wp-json\/wp\/v2\/posts\/140220","targetHints":{"allow":["GET"]}}],"collection":[{"href":"https:\/\/nvnoticias.mx\/index.php\/wp-json\/wp\/v2\/posts"}],"about":[{"href":"https:\/\/nvnoticias.mx\/index.php\/wp-json\/wp\/v2\/types\/post"}],"author":[{"embeddable":true,"href":"https:\/\/nvnoticias.mx\/index.php\/wp-json\/wp\/v2\/users\/8"}],"replies":[{"embeddable":true,"href":"https:\/\/nvnoticias.mx\/index.php\/wp-json\/wp\/v2\/comments?post=140220"}],"version-history":[{"count":1,"href":"https:\/\/nvnoticias.mx\/index.php\/wp-json\/wp\/v2\/posts\/140220\/revisions"}],"predecessor-version":[{"id":140222,"href":"https:\/\/nvnoticias.mx\/index.php\/wp-json\/wp\/v2\/posts\/140220\/revisions\/140222"}],"wp:featuredmedia":[{"embeddable":true,"href":"https:\/\/nvnoticias.mx\/index.php\/wp-json\/wp\/v2\/media\/140221"}],"wp:attachment":[{"href":"https:\/\/nvnoticias.mx\/index.php\/wp-json\/wp\/v2\/media?parent=140220"}],"wp:term":[{"taxonomy":"category","embeddable":true,"href":"https:\/\/nvnoticias.mx\/index.php\/wp-json\/wp\/v2\/categories?post=140220"},{"taxonomy":"post_tag","embeddable":true,"href":"https:\/\/nvnoticias.mx\/index.php\/wp-json\/wp\/v2\/tags?post=140220"}],"curies":[{"name":"wp","href":"https:\/\/api.w.org\/{rel}","templated":true}]}}