{"id":140163,"date":"2024-02-20T13:59:47","date_gmt":"2024-02-20T19:59:47","guid":{"rendered":"https:\/\/nvnoticias.mx\/?p=140163"},"modified":"2024-02-20T13:59:49","modified_gmt":"2024-02-20T19:59:49","slug":"lo-unico-que-tengo-es-gratitud-alvarez-maynez-a-patricia-mercado-tras-dejar-coordinacion-en-campana","status":"publish","type":"post","link":"https:\/\/nvnoticias.mx\/index.php\/2024\/02\/20\/lo-unico-que-tengo-es-gratitud-alvarez-maynez-a-patricia-mercado-tras-dejar-coordinacion-en-campana\/","title":{"rendered":"Lo \u00fanico que tengo es gratitud: \u00c1lvarez M\u00e1ynez a Patricia Mercado tras dejar coordinaci\u00f3n en campa\u00f1a"},"content":{"rendered":"\n<p>Luego de que la senadora&nbsp;<strong>Patricia Mercado<\/strong>, de Movimiento Ciudadano, anunci\u00f3 que dej\u00f3 la coordinaci\u00f3n del programa de gobierno \u201cUna nueva visi\u00f3n de pa\u00eds\u201d, en la campa\u00f1a presidencial de&nbsp;<strong>Jorge \u00c1lvarez M\u00e1ynez&nbsp;<\/strong>por el partido naranja, el aspirante a la Presidencia expres\u00f3 su gratitud.<\/p>\n\n\n\n<p>A trav\u00e9s de redes sociales, \u00c1lvarez M\u00e1ynez calific\u00f3 a Patricia Mercado como una \u201cpol\u00edtica \u00edntegra, sensata y ejemplar\u201d.<\/p>\n\n\n\n<blockquote class=\"wp-block-quote is-layout-flow wp-block-quote-is-layout-flow\"><p>\u201cLo nuevo tambi\u00e9n debe de ser tener otra actitud hacia la diversidad de opiniones y capacidad para dialogarlas. Precisamente por ser como es, decid\u00ed caminar a su lado y con su ejemplo\u201d, escribi\u00f3 el abanderado del partido naranja.<\/p><\/blockquote>\n\n\n\n<p>Fuente: <a href=\"https:\/\/www.eluniversal.com.mx\/elecciones\/lo-unico-que-tengo-es-gratitud-dice-alvarez-maynez-a-patricia-mercado-tras-dejar-coordinacion-en-campana\/\" data-type=\"URL\" data-id=\"https:\/\/www.eluniversal.com.mx\/elecciones\/lo-unico-que-tengo-es-gratitud-dice-alvarez-maynez-a-patricia-mercado-tras-dejar-coordinacion-en-campana\/\">El Universal<\/a> <\/p>\n","protected":false},"excerpt":{"rendered":"<p>Luego de que la senadora&nbsp;Patricia Mercado, de Movimiento Ciudadano, anunci\u00f3 que dej\u00f3 la coordinaci\u00f3n del programa de gobierno \u201cUna nueva visi\u00f3n de pa\u00eds\u201d, en la campa\u00f1a presidencial de&nbsp;Jorge \u00c1lvarez M\u00e1ynez&nbsp;por el partido naranja, el aspirante a la Presidencia expres\u00f3 su gratitud. A trav\u00e9s de redes sociales, \u00c1lvarez M\u00e1ynez calific\u00f3 a Patricia Mercado como una \u201cpol\u00edtica [&hellip;]<\/p>\n","protected":false},"author":35,"featured_media":140167,"comment_status":"open","ping_status":"open","sticky":false,"template":"","format":"standard","meta":{"_monsterinsights_skip_tracking":false,"_monsterinsights_sitenote_active":false,"_monsterinsights_sitenote_note":"","_monsterinsights_sitenote_category":0,"footnotes":""},"categories":[158],"tags":[28969,29430],"class_list":["post-140163","post","type-post","status-publish","format-standard","has-post-thumbnail","hentry","category-politica","tag-jorge-alvarez-maynez","tag-patricia-mercado","wp-image-borders"],"amp_enabled":true,"_links":{"self":[{"href":"https:\/\/nvnoticias.mx\/index.php\/wp-json\/wp\/v2\/posts\/140163","targetHints":{"allow":["GET"]}}],"collection":[{"href":"https:\/\/nvnoticias.mx\/index.php\/wp-json\/wp\/v2\/posts"}],"about":[{"href":"https:\/\/nvnoticias.mx\/index.php\/wp-json\/wp\/v2\/types\/post"}],"author":[{"embeddable":true,"href":"https:\/\/nvnoticias.mx\/index.php\/wp-json\/wp\/v2\/users\/35"}],"replies":[{"embeddable":true,"href":"https:\/\/nvnoticias.mx\/index.php\/wp-json\/wp\/v2\/comments?post=140163"}],"version-history":[{"count":3,"href":"https:\/\/nvnoticias.mx\/index.php\/wp-json\/wp\/v2\/posts\/140163\/revisions"}],"predecessor-version":[{"id":140166,"href":"https:\/\/nvnoticias.mx\/index.php\/wp-json\/wp\/v2\/posts\/140163\/revisions\/140166"}],"wp:featuredmedia":[{"embeddable":true,"href":"https:\/\/nvnoticias.mx\/index.php\/wp-json\/wp\/v2\/media\/140167"}],"wp:attachment":[{"href":"https:\/\/nvnoticias.mx\/index.php\/wp-json\/wp\/v2\/media?parent=140163"}],"wp:term":[{"taxonomy":"category","embeddable":true,"href":"https:\/\/nvnoticias.mx\/index.php\/wp-json\/wp\/v2\/categories?post=140163"},{"taxonomy":"post_tag","embeddable":true,"href":"https:\/\/nvnoticias.mx\/index.php\/wp-json\/wp\/v2\/tags?post=140163"}],"curies":[{"name":"wp","href":"https:\/\/api.w.org\/{rel}","templated":true}]}}