{"id":140153,"date":"2024-02-20T13:46:57","date_gmt":"2024-02-20T19:46:57","guid":{"rendered":"https:\/\/nvnoticias.mx\/?p=140153"},"modified":"2024-02-20T13:46:58","modified_gmt":"2024-02-20T19:46:58","slug":"deja-patricia-mercado-de-ser-coordinadora-de-campana-de-alvarez-maynez","status":"publish","type":"post","link":"https:\/\/nvnoticias.mx\/index.php\/2024\/02\/20\/deja-patricia-mercado-de-ser-coordinadora-de-campana-de-alvarez-maynez\/","title":{"rendered":"Deja Patricia Mercado de ser coordinadora de campa\u00f1a de \u00c1lvarez M\u00e1ynez"},"content":{"rendered":"\n<p>La senadora\u00a0Patricia Mercado\u00a0anunci\u00f3 su separaci\u00f3n de la campa\u00f1a del virtual candidato presidencial de Movimiento Ciudadano, Jorge \u00c1lvarez M\u00e1ynez, \u201cdebido a que hay decisiones del partido que\u00a0<strong>me son ajenas y no puedo ser yo quien las defienda\u201d.<\/strong><\/p>\n\n\n\n<p>En su cuenta de X, Mercado inform\u00f3 que concluy\u00f3 su&nbsp;<strong>responsabilidad como coordinadora del programa de gobierno&nbsp;<\/strong>de la campa\u00f1a presidencial del partido naranja.<\/p>\n\n\n\n<p>Esto, un d\u00eda despu\u00e9s del registro de las aspirantes al Senado,&nbsp;<strong>Alejandra Barrales<\/strong>, ex candidata del PRD a la Jefatura de Gobierno y de&nbsp;<strong>Sandra Cuevas<\/strong>, alcaldesa de Cuauht\u00e9moc.<\/p>\n\n\n\n<p>Mercado revel\u00f3 que \u00c1lvarez M\u00e1ynez cuenta con todos los insumos para realizar propuestas concretas&nbsp;<strong>a partir del inicio de la campa\u00f1a presidencial el pr\u00f3ximo primero de marzo.<\/strong><\/p>\n\n\n\n<blockquote class=\"wp-block-quote is-layout-flow wp-block-quote-is-layout-flow\"><p>\u201cHe concluido mi responsabilidad en la&nbsp;Coordinaci\u00f3n del programa de gobierno \u2018Una nueva visi\u00f3n de pa\u00eds\u2019 en la campa\u00f1a presidencial de Movimiento Ciudadano.<\/p><\/blockquote>\n\n\n\n<p>El candidato cuenta con los insumos para salir a hacer propuestas concretas a partir del 1 de marzo, con base en la plataforma electoral y programa de gobierno que construimos en colectivo a lo largo de dos a\u00f1os. Es responsabilidad de<strong>&nbsp;todas las candidaturas de MC en el pa\u00eds ser congruentes con esos compromisos.<\/strong><\/p>\n\n\n\n<p>A partir de hoy dejo tambi\u00e9n de ser vocera de la campa\u00f1a, debido a que hay decisiones del partido que me son ajenas y&nbsp;<strong>no puedo ser yo quien las defienda\u201d, escribi\u00f3.<\/strong><\/p>\n\n\n\n<p>El pasado 22 de enero, el candidato presidencial electo de Movimiento Ciudadano, Jorge \u00c1lvarez M\u00e1ynez, nombr\u00f3 a Patricia Mercado como coordinadora de\u00a0<strong>\u201cla nueva visi\u00f3n de pa\u00eds para el M\u00e9xico Nuevo\u201d.<\/strong><\/p>\n\n\n\n<p>Fuente: <a href=\"https:\/\/www.milenio.com\/politica\/elecciones\/patricia-mercado-separa-campana-alvarez-maynez\" data-type=\"URL\" data-id=\"https:\/\/www.milenio.com\/politica\/elecciones\/patricia-mercado-separa-campana-alvarez-maynez\">Milenio<\/a> <\/p>\n","protected":false},"excerpt":{"rendered":"<p>La senadora\u00a0Patricia Mercado\u00a0anunci\u00f3 su separaci\u00f3n de la campa\u00f1a del virtual candidato presidencial de Movimiento Ciudadano, Jorge \u00c1lvarez M\u00e1ynez, \u201cdebido a que hay decisiones del partido que\u00a0me son ajenas y no puedo ser yo quien las defienda\u201d. En su cuenta de X, Mercado inform\u00f3 que concluy\u00f3 su&nbsp;responsabilidad como coordinadora del programa de gobierno&nbsp;de la campa\u00f1a presidencial [&hellip;]<\/p>\n","protected":false},"author":35,"featured_media":140155,"comment_status":"open","ping_status":"open","sticky":false,"template":"","format":"standard","meta":{"_monsterinsights_skip_tracking":false,"_monsterinsights_sitenote_active":false,"_monsterinsights_sitenote_note":"","_monsterinsights_sitenote_category":0,"footnotes":""},"categories":[158],"tags":[2600,28969,29430],"class_list":["post-140153","post","type-post","status-publish","format-standard","has-post-thumbnail","hentry","category-politica","tag-campana","tag-jorge-alvarez-maynez","tag-patricia-mercado","wp-image-borders"],"amp_enabled":true,"_links":{"self":[{"href":"https:\/\/nvnoticias.mx\/index.php\/wp-json\/wp\/v2\/posts\/140153","targetHints":{"allow":["GET"]}}],"collection":[{"href":"https:\/\/nvnoticias.mx\/index.php\/wp-json\/wp\/v2\/posts"}],"about":[{"href":"https:\/\/nvnoticias.mx\/index.php\/wp-json\/wp\/v2\/types\/post"}],"author":[{"embeddable":true,"href":"https:\/\/nvnoticias.mx\/index.php\/wp-json\/wp\/v2\/users\/35"}],"replies":[{"embeddable":true,"href":"https:\/\/nvnoticias.mx\/index.php\/wp-json\/wp\/v2\/comments?post=140153"}],"version-history":[{"count":3,"href":"https:\/\/nvnoticias.mx\/index.php\/wp-json\/wp\/v2\/posts\/140153\/revisions"}],"predecessor-version":[{"id":140157,"href":"https:\/\/nvnoticias.mx\/index.php\/wp-json\/wp\/v2\/posts\/140153\/revisions\/140157"}],"wp:featuredmedia":[{"embeddable":true,"href":"https:\/\/nvnoticias.mx\/index.php\/wp-json\/wp\/v2\/media\/140155"}],"wp:attachment":[{"href":"https:\/\/nvnoticias.mx\/index.php\/wp-json\/wp\/v2\/media?parent=140153"}],"wp:term":[{"taxonomy":"category","embeddable":true,"href":"https:\/\/nvnoticias.mx\/index.php\/wp-json\/wp\/v2\/categories?post=140153"},{"taxonomy":"post_tag","embeddable":true,"href":"https:\/\/nvnoticias.mx\/index.php\/wp-json\/wp\/v2\/tags?post=140153"}],"curies":[{"name":"wp","href":"https:\/\/api.w.org\/{rel}","templated":true}]}}