{"id":14005,"date":"2021-05-22T12:05:17","date_gmt":"2021-05-22T17:05:17","guid":{"rendered":"https:\/\/nvnoticias.mx\/?p=14005"},"modified":"2021-05-22T12:05:18","modified_gmt":"2021-05-22T17:05:18","slug":"imss-impulsa-y-participa-en-la-jornada-nacional-de-salud-publica-2021","status":"publish","type":"post","link":"https:\/\/nvnoticias.mx\/index.php\/2021\/05\/22\/imss-impulsa-y-participa-en-la-jornada-nacional-de-salud-publica-2021\/","title":{"rendered":"IMSS impulsa y participa en la Jornada Nacional de Salud P\u00fablica 2021"},"content":{"rendered":"\n<p><strong>NV Noticias<\/strong> <\/p>\n\n\n\n<p>A trav\u00e9s de acciones integrales de acuerdo a la edad y sexo para brindar una mejor calidad de salud a la poblaci\u00f3n, el Instituto Mexicano del Seguro Social (IMSS) impulsa y participa en la Primera Jornada Nacional de Salud P\u00fablica 2021 en sus 35 representaciones a nivel nacional, la cual se realiza del 17 al 28 de mayo, inform\u00f3 el doctor Iv\u00e1n Santos Jim\u00e9nez.<\/p>\n\n\n\n<p>El director de la Unidad de Medicina Familiar (UMF) No. 7 se\u00f1al\u00f3 que bajo el lema \u201cTu salud est\u00e1 en tus manos. Participa\u201d, durante esta jornada se llevan a cabo, acciones intensivas de vacunaci\u00f3n a trav\u00e9s de la actualizaci\u00f3n de esquemas de vacunaci\u00f3n, prevenci\u00f3n de enfermedades diarreicas y respiratorias.<\/p>\n\n\n\n<p>Adem\u00e1s, detecci\u00f3n oportuna de enfermedades cr\u00f3nicas y c\u00e1ncer, c\u00f3mo es el caso de la diabetes mellitus, hipertensi\u00f3n arterial, c\u00e1ncer de mama y c\u00e1ncer c\u00e9rvico uterino y c\u00e1ncer de pr\u00f3stata. Estas enfermedades son prioritarias y cobran la vida de muchos mexicanos y mexicanas, a\u00f1adi\u00f3 el especialista.<\/p>\n\n\n\n<p>Agreg\u00f3 que tambi\u00e9n se realizar\u00e1n otras acciones preventivas que est\u00e1n dirigidas a mejorar la salud nutricional, reproductiva y bucal; adem\u00e1s se promueven y realizan evaluaciones de riesgo mediante la herramienta CHKT en l\u00ednea con el prop\u00f3sito de contribuir en el hallazgo oportuno de enfermedades no transmisibles.<\/p>\n\n\n\n<p>El doctor Santos Jim\u00e9nez detall\u00f3 que la UMF No. 7 atiende a 277 mil derechohabientes y para llevar a cabo estas acciones preventivas, se cuenta con la participaci\u00f3n de 400 trabajadores en enfermer\u00eda, m\u00e9dicos especialistas en medicina familiar, trabajadoras sociales, asistentes m\u00e9dicas y jefes de servicio de medicina familiar.<\/p>\n\n\n\n<p>Resalt\u00f3 que durante la Jornada Nacional de Salud P\u00fablica 2021 tambi\u00e9n participan 50 residentes en formaci\u00f3n para apoyar las acciones en medicina preventiva y familiar.<\/p>\n\n\n\n<p>Inform\u00f3 que estas acciones de vacunaci\u00f3n, prevenci\u00f3n y detecci\u00f3n de enfermedades cr\u00f3nicas y c\u00e1ncer se llevan a cabo en las Unidades de Medicina Familiar de lunes a s\u00e1bado en un horario de 08:00 a 20:00 horas.<\/p>\n\n\n\n<p>Enfatiz\u00f3 que debido a que la pandemia por la COVID-19 a\u00fan no termina, todo el personal implementa las medidas de higiene y sana distancia para asegurar que los procedimientos se otorguen con calidad y seguridad a la poblaci\u00f3n.<\/p>\n\n\n\n<p>Se\u00f1al\u00f3 que para cumplir con los objetivos de la Jornada Nacional, es importante que las personas acudan a las Unidades de Medicina Familiar o puestos de vacunaci\u00f3n con su Cartilla Nacional de Salud, para que reciban las vacunas correspondientes a su edad, adem\u00e1s de las acciones de detecci\u00f3n de enfermedades seg\u00fan corresponda para su grupo de edad y sexo.<\/p>\n\n\n\n<p>Cuidar y mantener su salud y la de su familia, es una un asunto muy importante que nos compromete a todos y todas, para alcanzar el bienestar de la poblaci\u00f3n derechohabiente.<\/p>\n","protected":false},"excerpt":{"rendered":"<p>NV Noticias A trav\u00e9s de acciones integrales de acuerdo a la edad y sexo para brindar una mejor calidad de salud a la poblaci\u00f3n, el Instituto Mexicano del Seguro Social (IMSS) impulsa y participa en la Primera Jornada Nacional de Salud P\u00fablica 2021 en sus 35 representaciones a nivel nacional, la cual se realiza del [&hellip;]<\/p>\n","protected":false},"author":6,"featured_media":14006,"comment_status":"open","ping_status":"open","sticky":false,"template":"","format":"standard","meta":{"_monsterinsights_skip_tracking":false,"_monsterinsights_sitenote_active":false,"_monsterinsights_sitenote_note":"","_monsterinsights_sitenote_category":0,"footnotes":""},"categories":[157],"tags":[365,3802,3893],"class_list":["post-14005","post","type-post","status-publish","format-standard","has-post-thumbnail","hentry","category-nacional","tag-imss","tag-jornada-nacional","tag-salud-publica","wp-image-borders"],"amp_enabled":true,"_links":{"self":[{"href":"https:\/\/nvnoticias.mx\/index.php\/wp-json\/wp\/v2\/posts\/14005","targetHints":{"allow":["GET"]}}],"collection":[{"href":"https:\/\/nvnoticias.mx\/index.php\/wp-json\/wp\/v2\/posts"}],"about":[{"href":"https:\/\/nvnoticias.mx\/index.php\/wp-json\/wp\/v2\/types\/post"}],"author":[{"embeddable":true,"href":"https:\/\/nvnoticias.mx\/index.php\/wp-json\/wp\/v2\/users\/6"}],"replies":[{"embeddable":true,"href":"https:\/\/nvnoticias.mx\/index.php\/wp-json\/wp\/v2\/comments?post=14005"}],"version-history":[{"count":1,"href":"https:\/\/nvnoticias.mx\/index.php\/wp-json\/wp\/v2\/posts\/14005\/revisions"}],"predecessor-version":[{"id":14007,"href":"https:\/\/nvnoticias.mx\/index.php\/wp-json\/wp\/v2\/posts\/14005\/revisions\/14007"}],"wp:featuredmedia":[{"embeddable":true,"href":"https:\/\/nvnoticias.mx\/index.php\/wp-json\/wp\/v2\/media\/14006"}],"wp:attachment":[{"href":"https:\/\/nvnoticias.mx\/index.php\/wp-json\/wp\/v2\/media?parent=14005"}],"wp:term":[{"taxonomy":"category","embeddable":true,"href":"https:\/\/nvnoticias.mx\/index.php\/wp-json\/wp\/v2\/categories?post=14005"},{"taxonomy":"post_tag","embeddable":true,"href":"https:\/\/nvnoticias.mx\/index.php\/wp-json\/wp\/v2\/tags?post=14005"}],"curies":[{"name":"wp","href":"https:\/\/api.w.org\/{rel}","templated":true}]}}