{"id":140029,"date":"2024-02-19T12:33:08","date_gmt":"2024-02-19T18:33:08","guid":{"rendered":"https:\/\/nvnoticias.mx\/?p=140029"},"modified":"2024-02-19T12:33:09","modified_gmt":"2024-02-19T18:33:09","slug":"obras-del-zocalo-y-bulevar-no-han-impactado-al-sector-restaurantero","status":"publish","type":"post","link":"https:\/\/nvnoticias.mx\/index.php\/2024\/02\/19\/obras-del-zocalo-y-bulevar-no-han-impactado-al-sector-restaurantero\/","title":{"rendered":"Obras del z\u00f3calo y bulevar no han impactado al sector restaurantero"},"content":{"rendered":"\n<p><strong>Jes\u00fas Utrilla \/ NV Noticias<\/strong><\/p>\n\n\n\n<p>Abigail Guzm\u00e1n, vicepresidenta de la C\u00e1mara Nacional de la Industria de Restaurantes y Alimentos Condimentados (Canirac), afirm\u00f3 que las obras en el z\u00f3calo de Veracruz y en la zona del bulevar para la construcci\u00f3n de colectores pluviales no han impactado negativamente al sector restaurantero. <\/p>\n\n\n\n<p>Hasta el momento, no se han registrado afectaciones por parte de los establecimientos locales, gracias a una planificaci\u00f3n adecuada que permiti\u00f3 a los empresarios prepararse para los cambios. <\/p>\n\n\n\n<p>Guzm\u00e1n resalt\u00f3 que estas obras ser\u00e1n cruciales para prevenir inundaciones durante la temporada de lluvias, lo que garantizar\u00e1 la protecci\u00f3n del mobiliario de los restaurantes.<\/p>\n\n\n\n<p>Sobre el operativo implementado en el bulevar, destac\u00f3 su eficacia en la gesti\u00f3n del tr\u00e1fico, evitando embotellamientos y asegurando la fluidez vehicular. <\/p>\n\n\n\n<p>Aunque reconoci\u00f3 que la adaptaci\u00f3n al cambio puede llevar tiempo, se\u00f1al\u00f3 que la se\u00f1alizaci\u00f3n adecuada y los cortes estrat\u00e9gicos en la v\u00eda han contribuido a minimizar los inconvenientes.<\/p>\n\n\n\n<blockquote class=\"wp-block-quote is-layout-flow wp-block-quote-is-layout-flow\"><p><em>\u201cEs algo bastante planeado y bastante dicho, entonces todos ya estaban organizados, escuch\u00e9 algunos que les avisaron con anticipaci\u00f3n y les estuvieron diciendo c\u00f3mo estar\u00eda el proyecto, eso ayud\u00f3 a que no les afecte tanto\u201d.<\/em><\/p><\/blockquote>\n\n\n\n<p>Adem\u00e1s, enfatiz\u00f3 que estas obras ser\u00e1n beneficiosas para toda la comunidad, y subray\u00f3 la importancia de su impacto positivo en la movilidad urbana y la seguridad de los ciudadanos.<\/p>\n\n\n\n<p><\/p>\n","protected":false},"excerpt":{"rendered":"<p>Jes\u00fas Utrilla \/ NV Noticias Abigail Guzm\u00e1n, vicepresidenta de la C\u00e1mara Nacional de la Industria de Restaurantes y Alimentos Condimentados (Canirac), afirm\u00f3 que las obras en el z\u00f3calo de Veracruz y en la zona del bulevar para la construcci\u00f3n de colectores pluviales no han impactado negativamente al sector restaurantero. Hasta el momento, no se han [&hellip;]<\/p>\n","protected":false},"author":8,"featured_media":140030,"comment_status":"open","ping_status":"open","sticky":false,"template":"","format":"standard","meta":{"_monsterinsights_skip_tracking":false,"_monsterinsights_sitenote_active":false,"_monsterinsights_sitenote_note":"","_monsterinsights_sitenote_category":0,"footnotes":""},"categories":[154],"tags":[334,1473,1368],"class_list":["post-140029","post","type-post","status-publish","format-standard","has-post-thumbnail","hentry","category-veracruz","tag-obras","tag-restaurantes","tag-zocalo-de-veracruz","wp-image-borders"],"amp_enabled":true,"_links":{"self":[{"href":"https:\/\/nvnoticias.mx\/index.php\/wp-json\/wp\/v2\/posts\/140029","targetHints":{"allow":["GET"]}}],"collection":[{"href":"https:\/\/nvnoticias.mx\/index.php\/wp-json\/wp\/v2\/posts"}],"about":[{"href":"https:\/\/nvnoticias.mx\/index.php\/wp-json\/wp\/v2\/types\/post"}],"author":[{"embeddable":true,"href":"https:\/\/nvnoticias.mx\/index.php\/wp-json\/wp\/v2\/users\/8"}],"replies":[{"embeddable":true,"href":"https:\/\/nvnoticias.mx\/index.php\/wp-json\/wp\/v2\/comments?post=140029"}],"version-history":[{"count":1,"href":"https:\/\/nvnoticias.mx\/index.php\/wp-json\/wp\/v2\/posts\/140029\/revisions"}],"predecessor-version":[{"id":140031,"href":"https:\/\/nvnoticias.mx\/index.php\/wp-json\/wp\/v2\/posts\/140029\/revisions\/140031"}],"wp:featuredmedia":[{"embeddable":true,"href":"https:\/\/nvnoticias.mx\/index.php\/wp-json\/wp\/v2\/media\/140030"}],"wp:attachment":[{"href":"https:\/\/nvnoticias.mx\/index.php\/wp-json\/wp\/v2\/media?parent=140029"}],"wp:term":[{"taxonomy":"category","embeddable":true,"href":"https:\/\/nvnoticias.mx\/index.php\/wp-json\/wp\/v2\/categories?post=140029"},{"taxonomy":"post_tag","embeddable":true,"href":"https:\/\/nvnoticias.mx\/index.php\/wp-json\/wp\/v2\/tags?post=140029"}],"curies":[{"name":"wp","href":"https:\/\/api.w.org\/{rel}","templated":true}]}}