{"id":139987,"date":"2024-02-19T10:42:53","date_gmt":"2024-02-19T16:42:53","guid":{"rendered":"https:\/\/nvnoticias.mx\/?p=139987"},"modified":"2024-02-19T10:42:54","modified_gmt":"2024-02-19T16:42:54","slug":"imss-debe-transparentar-casos-de-objecion-de-conciencia-en-hospitales-de-oaxaca-inai","status":"publish","type":"post","link":"https:\/\/nvnoticias.mx\/index.php\/2024\/02\/19\/imss-debe-transparentar-casos-de-objecion-de-conciencia-en-hospitales-de-oaxaca-inai\/","title":{"rendered":"IMSS debe transparentar casos de objeci\u00f3n de conciencia en hospitales de Oaxaca: INAI"},"content":{"rendered":"\n<p>El&nbsp;<strong>Instituto Mexicano del Seguro Social<\/strong>&nbsp;(<strong>IMSS<\/strong>) debe informar el padecimiento y\/o procedimiento en casos de objeci\u00f3n de conciencia que han ocurrido en hospitales de Oaxaca, de 2015 a 2023, resolvi\u00f3 el Pleno del Instituto Nacional de Transparencia, Acceso a la Informaci\u00f3n y Protecci\u00f3n de Datos Personales (<strong>INAI<\/strong>).<\/p>\n\n\n\n<blockquote class=\"wp-block-quote is-layout-flow wp-block-quote-is-layout-flow\"><p>\u201cLa objeci\u00f3n de conciencia es una prerrogativa que puede ser aplicada por servidores p\u00fablicos del \u00e1rea de la salud en nuestro pa\u00eds siempre que haya una colisi\u00f3n entre sus creencias y el procedimiento a aplicar\u201d, advirti\u00f3 la&nbsp;<strong>Comisionada Josefina Rom\u00e1n Vergara<\/strong>.<\/p><\/blockquote>\n\n\n\n<p>Al presentar el asunto en la sesi\u00f3n de Pleno, la Comisionada Rom\u00e1n Vergara destac\u00f3 que conocer estad\u00edsticas sobre la&nbsp;<strong>objeci\u00f3n de conciencia<\/strong>&nbsp;en las instituciones de salud, identificando el padecimiento que gener\u00f3 la misma, permitir\u00e1 que la sociedad se allegue de las cifras reales sobre esta pr\u00e1ctica de los profesionales de la salud en M\u00e9xico y se est\u00e9 en oportunidad de verificar que su aplicaci\u00f3n sea de manera excepcional.Play Video<\/p>\n\n\n\n<p>Al respecto, una persona solicit\u00f3 al IMSS el n\u00famero de casos de objeci\u00f3n de conciencia que han ocurrido en los hospitales de esta dependencia, de 2015 a 2023, desglosada por hospital, causa, el padecimiento y\/o procedimiento que gener\u00f3 la objeci\u00f3n de conciencia e indicando si los pacientes fueron atendidos por otro m\u00e9dico.<\/p>\n\n\n\n<p>En su respuesta, el IMSS inform\u00f3 haber realizado la b\u00fasqueda de la informaci\u00f3n en la Direcci\u00f3n de Prestaciones M\u00e9dicas y en todos los \u00d3rganos de Operaci\u00f3n Administrativa Desconcentrada, y proporcion\u00f3 cuatro archivos en formato Excel en los que se localiza la informaci\u00f3n estad\u00edstica localizada en los estados de Hidalgo, Jalisco, Oaxaca y San Luis Potos\u00ed, de los cuales \u00fanicamente el reporte de Jalisco contiene el nivel de desglose solicitado; en tanto que, en el caso de Oaxaca, se adiciona la causa.<\/p>\n\n\n\n<p>Fuente: <a href=\"https:\/\/www.eluniversal.com.mx\/nacion\/imss-debe-transparentar-casos-de-objecion-de-conciencia-en-hospitales-de-oaxaca-inai\/\" data-type=\"URL\" data-id=\"https:\/\/www.eluniversal.com.mx\/nacion\/imss-debe-transparentar-casos-de-objecion-de-conciencia-en-hospitales-de-oaxaca-inai\/\">El Universal<\/a> <\/p>\n","protected":false},"excerpt":{"rendered":"<p>El&nbsp;Instituto Mexicano del Seguro Social&nbsp;(IMSS) debe informar el padecimiento y\/o procedimiento en casos de objeci\u00f3n de conciencia que han ocurrido en hospitales de Oaxaca, de 2015 a 2023, resolvi\u00f3 el Pleno del Instituto Nacional de Transparencia, Acceso a la Informaci\u00f3n y Protecci\u00f3n de Datos Personales (INAI). \u201cLa objeci\u00f3n de conciencia es una prerrogativa que puede [&hellip;]<\/p>\n","protected":false},"author":35,"featured_media":988,"comment_status":"open","ping_status":"open","sticky":false,"template":"","format":"standard","meta":{"_monsterinsights_skip_tracking":false,"_monsterinsights_sitenote_active":false,"_monsterinsights_sitenote_note":"","_monsterinsights_sitenote_category":0,"footnotes":""},"categories":[158],"tags":[365,355,270],"class_list":["post-139987","post","type-post","status-publish","format-standard","has-post-thumbnail","hentry","category-politica","tag-imss","tag-inai","tag-oaxaca","wp-image-borders"],"amp_enabled":true,"_links":{"self":[{"href":"https:\/\/nvnoticias.mx\/index.php\/wp-json\/wp\/v2\/posts\/139987","targetHints":{"allow":["GET"]}}],"collection":[{"href":"https:\/\/nvnoticias.mx\/index.php\/wp-json\/wp\/v2\/posts"}],"about":[{"href":"https:\/\/nvnoticias.mx\/index.php\/wp-json\/wp\/v2\/types\/post"}],"author":[{"embeddable":true,"href":"https:\/\/nvnoticias.mx\/index.php\/wp-json\/wp\/v2\/users\/35"}],"replies":[{"embeddable":true,"href":"https:\/\/nvnoticias.mx\/index.php\/wp-json\/wp\/v2\/comments?post=139987"}],"version-history":[{"count":3,"href":"https:\/\/nvnoticias.mx\/index.php\/wp-json\/wp\/v2\/posts\/139987\/revisions"}],"predecessor-version":[{"id":139990,"href":"https:\/\/nvnoticias.mx\/index.php\/wp-json\/wp\/v2\/posts\/139987\/revisions\/139990"}],"wp:featuredmedia":[{"embeddable":true,"href":"https:\/\/nvnoticias.mx\/index.php\/wp-json\/wp\/v2\/media\/988"}],"wp:attachment":[{"href":"https:\/\/nvnoticias.mx\/index.php\/wp-json\/wp\/v2\/media?parent=139987"}],"wp:term":[{"taxonomy":"category","embeddable":true,"href":"https:\/\/nvnoticias.mx\/index.php\/wp-json\/wp\/v2\/categories?post=139987"},{"taxonomy":"post_tag","embeddable":true,"href":"https:\/\/nvnoticias.mx\/index.php\/wp-json\/wp\/v2\/tags?post=139987"}],"curies":[{"name":"wp","href":"https:\/\/api.w.org\/{rel}","templated":true}]}}