{"id":139882,"date":"2024-02-19T05:28:17","date_gmt":"2024-02-19T11:28:17","guid":{"rendered":"https:\/\/nvnoticias.mx\/?p=139882"},"modified":"2024-02-19T05:28:18","modified_gmt":"2024-02-19T11:28:18","slug":"finaliza-huelga-en-audi-y-trabajadores-aceptan-incremento-salarial-de-10-2","status":"publish","type":"post","link":"https:\/\/nvnoticias.mx\/index.php\/2024\/02\/19\/finaliza-huelga-en-audi-y-trabajadores-aceptan-incremento-salarial-de-10-2\/","title":{"rendered":"Finaliza huelga en Audi y trabajadores aceptan incremento salarial de 10.2%"},"content":{"rendered":"\n<p>La mayor\u00eda de los trabajadores de la&nbsp;<strong>planta de Audi<\/strong>&nbsp;en San Jos\u00e9 Chiapa, Puebla, aprobaron el incremento salarial de 10.2% propuesto por la empresa.<\/p>\n\n\n\n<p>Por lo tanto, la huelga que estall\u00f3 el pasado 24 de enero se da por finalizada y el martes 20 de febrero se restablecen los tres turnos laborales.<\/p>\n\n\n\n<p>El&nbsp;<strong>Sindicato Independiente de Trabajadores de Audi M\u00e9xico<\/strong>&nbsp;(Sitaudi) inform\u00f3 que, a trav\u00e9s del voto libre, secreto y directo, 66% de los trabajadores de la planta avalaron el convenio de revisi\u00f3n contractual que se pact\u00f3 desde el fin de semana pasado entre el sindicato y la empresa ante el Tribunal Laboral Federal de Asuntos Colectivos.<\/p>\n\n\n\n<p>La propuesta aceptada consiste en un incremento de 10.2% de aumento global que se divide en: 7% directo al salario y 3.2% en prestaciones.<\/p>\n\n\n\n<p>Al respecto,&nbsp;<strong>Audi M\u00e9xico&nbsp;<\/strong>inform\u00f3 que el acuerdo sobre el Contrato Colectivo de Trabajo 2024 fue aprobado por la mayor\u00eda de los colaboradores, a trav\u00e9s de una votaci\u00f3n conforme a los marcos normativos establecidos.<\/p>\n\n\n\n<p>El acuerdo fue aprobado con 2 mil 220 votos a favor.<\/p>\n\n\n\n<p><strong>Audi M\u00e9xico<\/strong>\u00a0agradeci\u00f3 la participaci\u00f3n de los colaboradores, as\u00ed como de la representaci\u00f3n sindical por mantener a los trabajadores informados sobre los avances y t\u00e9rminos acordados de las negociaciones.<\/p>\n\n\n\n<p>Fuente: <a href=\"https:\/\/www.eluniversal.com.mx\/cartera\/finaliza-huelga-en-audi-trabajadores-aceptan-incremento-salarial-de-102\/\" data-type=\"URL\" data-id=\"https:\/\/www.eluniversal.com.mx\/cartera\/finaliza-huelga-en-audi-trabajadores-aceptan-incremento-salarial-de-102\/\">El Universal<\/a> <\/p>\n","protected":false},"excerpt":{"rendered":"<p>La mayor\u00eda de los trabajadores de la&nbsp;planta de Audi&nbsp;en San Jos\u00e9 Chiapa, Puebla, aprobaron el incremento salarial de 10.2% propuesto por la empresa. Por lo tanto, la huelga que estall\u00f3 el pasado 24 de enero se da por finalizada y el martes 20 de febrero se restablecen los tres turnos laborales. El&nbsp;Sindicato Independiente de Trabajadores [&hellip;]<\/p>\n","protected":false},"author":35,"featured_media":41496,"comment_status":"open","ping_status":"open","sticky":false,"template":"","format":"standard","meta":{"_monsterinsights_skip_tracking":false,"_monsterinsights_sitenote_active":false,"_monsterinsights_sitenote_note":"","_monsterinsights_sitenote_category":0,"footnotes":""},"categories":[157],"tags":[8171,1129,941],"class_list":["post-139882","post","type-post","status-publish","format-standard","has-post-thumbnail","hentry","category-nacional","tag-finaliza","tag-huelga","tag-trabajadores","wp-image-borders"],"amp_enabled":true,"_links":{"self":[{"href":"https:\/\/nvnoticias.mx\/index.php\/wp-json\/wp\/v2\/posts\/139882","targetHints":{"allow":["GET"]}}],"collection":[{"href":"https:\/\/nvnoticias.mx\/index.php\/wp-json\/wp\/v2\/posts"}],"about":[{"href":"https:\/\/nvnoticias.mx\/index.php\/wp-json\/wp\/v2\/types\/post"}],"author":[{"embeddable":true,"href":"https:\/\/nvnoticias.mx\/index.php\/wp-json\/wp\/v2\/users\/35"}],"replies":[{"embeddable":true,"href":"https:\/\/nvnoticias.mx\/index.php\/wp-json\/wp\/v2\/comments?post=139882"}],"version-history":[{"count":3,"href":"https:\/\/nvnoticias.mx\/index.php\/wp-json\/wp\/v2\/posts\/139882\/revisions"}],"predecessor-version":[{"id":139885,"href":"https:\/\/nvnoticias.mx\/index.php\/wp-json\/wp\/v2\/posts\/139882\/revisions\/139885"}],"wp:featuredmedia":[{"embeddable":true,"href":"https:\/\/nvnoticias.mx\/index.php\/wp-json\/wp\/v2\/media\/41496"}],"wp:attachment":[{"href":"https:\/\/nvnoticias.mx\/index.php\/wp-json\/wp\/v2\/media?parent=139882"}],"wp:term":[{"taxonomy":"category","embeddable":true,"href":"https:\/\/nvnoticias.mx\/index.php\/wp-json\/wp\/v2\/categories?post=139882"},{"taxonomy":"post_tag","embeddable":true,"href":"https:\/\/nvnoticias.mx\/index.php\/wp-json\/wp\/v2\/tags?post=139882"}],"curies":[{"name":"wp","href":"https:\/\/api.w.org\/{rel}","templated":true}]}}