{"id":139660,"date":"2024-02-16T13:10:12","date_gmt":"2024-02-16T19:10:12","guid":{"rendered":"https:\/\/nvnoticias.mx\/?p=139660"},"modified":"2024-02-16T13:10:13","modified_gmt":"2024-02-16T19:10:13","slug":"se-espera-viento-intenso-para-el-fin-de-semana","status":"publish","type":"post","link":"https:\/\/nvnoticias.mx\/index.php\/2024\/02\/16\/se-espera-viento-intenso-para-el-fin-de-semana\/","title":{"rendered":"Se espera viento intenso para el fin de semana"},"content":{"rendered":"\n<p><strong>Jes\u00fas Utrilla \/ NV Noticias<\/strong><\/p>\n\n\n\n<p>En un comunicado oficial, la alcaldesa el Ayuntamiento de Veracruz alert\u00f3 a los sobre la llegada del Frente Fr\u00edo No. 35, que se espera traiga consigo un evento de Norte con rachas de viento potencialmente peligrosas durante el fin de semana.<\/p>\n\n\n\n<p>La alcaldesa Patricia Lobeira Rodr\u00edguez, dijo que, con base en los pron\u00f3sticos emitidos por la Secretar\u00eda de Protecci\u00f3n Civil, se anticipa que este evento de Norte, programado para la noche del s\u00e1bado 17 y la madrugada del domingo 18 de febrero, podr\u00eda ser uno de los m\u00e1s intensos de la temporada.<\/p>\n\n\n\n<p>El s\u00e1bado 17 de febrero se espera que durante el d\u00eda haya vientos del norte con rachas moderadas de 40 a 50 kil\u00f3metros por hora. Sin embargo, hacia la noche y la madrugada del domingo, se pronostican rachas m\u00e1s fuertes y violentas, alcanzando velocidades de entre 90 y 100 kil\u00f3metros por hora.<\/p>\n\n\n\n<p>Para el domingo 18 de febrero, se prev\u00e9 que las rachas de viento disminuyan a alrededor de 70 kil\u00f3metros por hora durante la ma\u00f1ana, descendiendo a\u00fan m\u00e1s a 40 kil\u00f3metros por hora por la tarde. Adem\u00e1s, se anticipa un dr\u00e1stico descenso de la temperatura.<\/p>\n\n\n\n<p>Llam\u00f3 a la poblaci\u00f3n a mantenerse informada sobre las actualizaciones del tiempo y tomar las precauciones necesarias para proteger su seguridad y la de sus familias. <\/p>\n\n\n\n<p>En caso de emergencia, proporcion\u00f3 los siguientes n\u00fameros de tel\u00e9fono para solicitar asistencia: 2292002270, 2292002271 y el 911.<\/p>\n\n\n\n<p>La alcaldesa reiter\u00f3 el compromiso del Gobierno Municipal de Veracruz de estar atento y responder de manera efectiva ante cualquier situaci\u00f3n de emergencia que pudiera surgir como resultado de este fen\u00f3meno meteorol\u00f3gico.<\/p>\n","protected":false},"excerpt":{"rendered":"<p>Jes\u00fas Utrilla \/ NV Noticias En un comunicado oficial, la alcaldesa el Ayuntamiento de Veracruz alert\u00f3 a los sobre la llegada del Frente Fr\u00edo No. 35, que se espera traiga consigo un evento de Norte con rachas de viento potencialmente peligrosas durante el fin de semana. La alcaldesa Patricia Lobeira Rodr\u00edguez, dijo que, con base [&hellip;]<\/p>\n","protected":false},"author":8,"featured_media":139661,"comment_status":"open","ping_status":"open","sticky":false,"template":"","format":"standard","meta":{"_monsterinsights_skip_tracking":false,"_monsterinsights_sitenote_active":false,"_monsterinsights_sitenote_note":"","_monsterinsights_sitenote_category":0,"footnotes":""},"categories":[154],"tags":[5095,267,162,180],"class_list":["post-139660","post","type-post","status-publish","format-standard","has-post-thumbnail","hentry","category-veracruz","tag-fin-de-semana","tag-norte","tag-portada","tag-veracruz","wp-image-borders"],"amp_enabled":true,"_links":{"self":[{"href":"https:\/\/nvnoticias.mx\/index.php\/wp-json\/wp\/v2\/posts\/139660","targetHints":{"allow":["GET"]}}],"collection":[{"href":"https:\/\/nvnoticias.mx\/index.php\/wp-json\/wp\/v2\/posts"}],"about":[{"href":"https:\/\/nvnoticias.mx\/index.php\/wp-json\/wp\/v2\/types\/post"}],"author":[{"embeddable":true,"href":"https:\/\/nvnoticias.mx\/index.php\/wp-json\/wp\/v2\/users\/8"}],"replies":[{"embeddable":true,"href":"https:\/\/nvnoticias.mx\/index.php\/wp-json\/wp\/v2\/comments?post=139660"}],"version-history":[{"count":1,"href":"https:\/\/nvnoticias.mx\/index.php\/wp-json\/wp\/v2\/posts\/139660\/revisions"}],"predecessor-version":[{"id":139662,"href":"https:\/\/nvnoticias.mx\/index.php\/wp-json\/wp\/v2\/posts\/139660\/revisions\/139662"}],"wp:featuredmedia":[{"embeddable":true,"href":"https:\/\/nvnoticias.mx\/index.php\/wp-json\/wp\/v2\/media\/139661"}],"wp:attachment":[{"href":"https:\/\/nvnoticias.mx\/index.php\/wp-json\/wp\/v2\/media?parent=139660"}],"wp:term":[{"taxonomy":"category","embeddable":true,"href":"https:\/\/nvnoticias.mx\/index.php\/wp-json\/wp\/v2\/categories?post=139660"},{"taxonomy":"post_tag","embeddable":true,"href":"https:\/\/nvnoticias.mx\/index.php\/wp-json\/wp\/v2\/tags?post=139660"}],"curies":[{"name":"wp","href":"https:\/\/api.w.org\/{rel}","templated":true}]}}