{"id":139522,"date":"2024-02-15T14:15:05","date_gmt":"2024-02-15T20:15:05","guid":{"rendered":"https:\/\/nvnoticias.mx\/?p=139522"},"modified":"2024-02-15T14:15:06","modified_gmt":"2024-02-15T20:15:06","slug":"avanza-en-senado-reforma-para-destituir-a-agentes-del-inm-involucrados-en-el-trafico-de-personas","status":"publish","type":"post","link":"https:\/\/nvnoticias.mx\/index.php\/2024\/02\/15\/avanza-en-senado-reforma-para-destituir-a-agentes-del-inm-involucrados-en-el-trafico-de-personas\/","title":{"rendered":"Avanza en Senado reforma para destituir a agentes del INM involucrados en el tr\u00e1fico de personas"},"content":{"rendered":"\n<p>La Comisi\u00f3n de Asuntos Fronterizos y Migratorios del&nbsp;<strong>Senado&nbsp;<\/strong>aprob\u00f3 un dictamen para brindar mayor protecci\u00f3n a ni\u00f1os, ni\u00f1as y adolescentes contra el tr\u00e1fico ilegal de personas, as\u00ed como para incluir la destituci\u00f3n e inhabilitaci\u00f3n para el desempe\u00f1o de cualquier cargo a los funcionarios p\u00fablicos que incurran en este il\u00edcito.<\/p>\n\n\n\n<p>Ante el incremento de casos de agentes del Instituto Nacional de Migraci\u00f3n (<strong>INM<\/strong>) y de funcionarios federales, estatales y municipales involucrados en las redes de tr\u00e1fico de personas, los legisladores destacaron que es necesaria esta reforma porque actualmente no hay sanci\u00f3n en espec\u00edfico para este delito.<\/p>\n\n\n\n<p>En el proyecto, que modifica la&nbsp;<strong>Ley de Migraci\u00f3n<\/strong>, se argumenta que el delito de tr\u00e1fico ilegal de personas no se encuentra regulado como una sanci\u00f3n administrativa.<\/p>\n\n\n\n<p>Adem\u00e1s, destacaron que el fen\u00f3meno masivo de personas migrantes que transitan por nuestro pa\u00eds ha provocado que ni\u00f1as, ni\u00f1os, adolescentes y mujeres se encuentren en un estado de desprotecci\u00f3n, por lo que \u201cel sistema penal requiere enriquecerse basado en el principio del inter\u00e9s superior de la ni\u00f1ez\u201d.<\/p>\n\n\n\n<p>La senadora Guadalupe Covarrubias Cervantes, de Morena, dijo que al incorporar una agravante espec\u00edfica para los funcionarios p\u00fablicos implicados en esta pr\u00e1ctica se manda un mensaje claro de que en M\u00e9xico no se tolera la explotaci\u00f3n y el abuso de quienes buscan una vida mejor.<\/p>\n\n\n\n<blockquote class=\"wp-block-quote is-layout-flow wp-block-quote-is-layout-flow\"><p>\u201cEstamos conscientes que el fen\u00f3meno migratorio ha presentado un gran desaf\u00edo en la pol\u00edtica de nuestro pa\u00eds, somos testigos de un alto crecimiento de personas migrantes que entran y salen de M\u00e9xico con el prop\u00f3sito de buscar una mejor calidad de vida cuyos pa\u00edses no pueden garantizarles\u201d, expres\u00f3.<\/p><\/blockquote>\n\n\n\n<p>Agreg\u00f3 que muchas de las personas migrantes se encuentran en situaciones de vulnerabilidad y desprotegidos, al verse perjudicadas por delincuentes que buscan atentar contra su integridad y dignidad.<\/p>\n\n\n\n<p>Fuente: <a href=\"https:\/\/www.eluniversal.com.mx\/nacion\/avanza-en-senado-reforma-para-destituir-a-agentes-del-inm-involucrados-en-el-trafico-de-personas\/\" data-type=\"URL\" data-id=\"https:\/\/www.eluniversal.com.mx\/nacion\/avanza-en-senado-reforma-para-destituir-a-agentes-del-inm-involucrados-en-el-trafico-de-personas\/\">El Universal<\/a> <\/p>\n","protected":false},"excerpt":{"rendered":"<p>La Comisi\u00f3n de Asuntos Fronterizos y Migratorios del&nbsp;Senado&nbsp;aprob\u00f3 un dictamen para brindar mayor protecci\u00f3n a ni\u00f1os, ni\u00f1as y adolescentes contra el tr\u00e1fico ilegal de personas, as\u00ed como para incluir la destituci\u00f3n e inhabilitaci\u00f3n para el desempe\u00f1o de cualquier cargo a los funcionarios p\u00fablicos que incurran en este il\u00edcito. Ante el incremento de casos de agentes [&hellip;]<\/p>\n","protected":false},"author":35,"featured_media":101214,"comment_status":"open","ping_status":"open","sticky":false,"template":"","format":"standard","meta":{"_monsterinsights_skip_tracking":false,"_monsterinsights_sitenote_active":false,"_monsterinsights_sitenote_note":"","_monsterinsights_sitenote_category":0,"footnotes":""},"categories":[158],"tags":[8289,28466,451,1942,369,29384],"class_list":["post-139522","post","type-post","status-publish","format-standard","has-post-thumbnail","hentry","category-politica","tag-avanza","tag-destituir","tag-inm","tag-reforma","tag-senado","tag-trafico-de-personas","wp-image-borders"],"amp_enabled":true,"_links":{"self":[{"href":"https:\/\/nvnoticias.mx\/index.php\/wp-json\/wp\/v2\/posts\/139522","targetHints":{"allow":["GET"]}}],"collection":[{"href":"https:\/\/nvnoticias.mx\/index.php\/wp-json\/wp\/v2\/posts"}],"about":[{"href":"https:\/\/nvnoticias.mx\/index.php\/wp-json\/wp\/v2\/types\/post"}],"author":[{"embeddable":true,"href":"https:\/\/nvnoticias.mx\/index.php\/wp-json\/wp\/v2\/users\/35"}],"replies":[{"embeddable":true,"href":"https:\/\/nvnoticias.mx\/index.php\/wp-json\/wp\/v2\/comments?post=139522"}],"version-history":[{"count":3,"href":"https:\/\/nvnoticias.mx\/index.php\/wp-json\/wp\/v2\/posts\/139522\/revisions"}],"predecessor-version":[{"id":139525,"href":"https:\/\/nvnoticias.mx\/index.php\/wp-json\/wp\/v2\/posts\/139522\/revisions\/139525"}],"wp:featuredmedia":[{"embeddable":true,"href":"https:\/\/nvnoticias.mx\/index.php\/wp-json\/wp\/v2\/media\/101214"}],"wp:attachment":[{"href":"https:\/\/nvnoticias.mx\/index.php\/wp-json\/wp\/v2\/media?parent=139522"}],"wp:term":[{"taxonomy":"category","embeddable":true,"href":"https:\/\/nvnoticias.mx\/index.php\/wp-json\/wp\/v2\/categories?post=139522"},{"taxonomy":"post_tag","embeddable":true,"href":"https:\/\/nvnoticias.mx\/index.php\/wp-json\/wp\/v2\/tags?post=139522"}],"curies":[{"name":"wp","href":"https:\/\/api.w.org\/{rel}","templated":true}]}}