{"id":139486,"date":"2024-02-15T12:45:16","date_gmt":"2024-02-15T18:45:16","guid":{"rendered":"https:\/\/nvnoticias.mx\/?p=139486"},"modified":"2024-02-15T12:45:17","modified_gmt":"2024-02-15T18:45:17","slug":"impugna-rafael-caro-quintero-resolucion-para-frenar-extradicion-a-estados-unidos","status":"publish","type":"post","link":"https:\/\/nvnoticias.mx\/index.php\/2024\/02\/15\/impugna-rafael-caro-quintero-resolucion-para-frenar-extradicion-a-estados-unidos\/","title":{"rendered":"Impugna Rafael Caro Quintero  resoluci\u00f3n para frenar extradici\u00f3n a Estados Unidos"},"content":{"rendered":"\n<p>Un Tribunal Colegiado admiti\u00f3 a tr\u00e1mite el recurso de revisi\u00f3n que\u00a0<strong>Rafael Caro Quintero\u00a0\u201cEl Narco de Narcos\u201d<\/strong>\u00a0tramit\u00f3 contra el sobreseimiento de un amparo que interpuso para frenar su extradici\u00f3n a Estados Unidos.<\/p>\n\n\n\n<blockquote class=\"wp-block-quote is-layout-flow wp-block-quote-is-layout-flow\"><p>\u201cSe admite el recurso de revisi\u00f3n interpuesto por *******, autorizado del quejoso *******, contra la resoluci\u00f3n de veintisiete de diciembre de dos mil veintitr\u00e9s, emitida en el expediente mencionado\u201d, determin\u00f3 el colegiado en un acuerdo publicado este jueves en listas de acuerdo del Consejo de la Judicatura Federal (CJF).<\/p><\/blockquote>\n\n\n\n<p>En septiembre del a\u00f1o pasado, Caro Quintero, preso en el penal de m\u00e1xima seguridad del \u201cAltiplano\u201d, tramit\u00f3 un juicio de amparo ante el Juzgado Octavo de Distrito en Materias de Amparo y Juicios Federales en el Estado de M\u00e9xico contra la orden de extradici\u00f3n 5\/2023 a Estados Unidos, pa\u00eds que lo reclama por el asesinato del agente de la DEA,\u00a0<strong>Enrique \u201cKiki\u201d Camarena<\/strong>.<\/p>\n\n\n\n<p>El fundador del extinto&nbsp;<strong>C\u00e1rtel de Guadalajara<\/strong>&nbsp;solicit\u00f3 que se le concediera la suspensi\u00f3n de plano para que no se le traslade a Estados Unidos; sin embargo, el Juzgado Octavo determin\u00f3 que no era factible atender su petici\u00f3n debido a que esa clase de suspensi\u00f3n se conceder\u00e1 de oficio y de plano, \u201ccuando se trate de actos que importen peligro de privaci\u00f3n de la vida, ataques a la libertad personal fuera de procedimiento, incomunicaci\u00f3n, deportaci\u00f3n o expulsi\u00f3n, proscripci\u00f3n o destierro, desaparici\u00f3n forzada de personas o alguno de los prohibidos por el art\u00edculo 22 de la Constituci\u00f3n Pol\u00edtica de los Estados Unidos Mexicanos, as\u00ed como la incorporaci\u00f3n forzosa al Ej\u00e9rcito, Armada o Fuerza A\u00e9rea nacionales\u201d.<\/p>\n\n\n\n<p>Por tanto, se determin\u00f3 que no es procedente conceder la suspensi\u00f3n de plano que solicit\u00f3, por lo que impugn\u00f3 la resoluci\u00f3n ante un Tribunal Colegiado que determinar\u00e1 su confirma o revoca la resoluci\u00f3n del Juzgado Octavo.<\/p>\n\n\n\n<p>Fuente: <a href=\"https:\/\/www.eluniversal.com.mx\/nacion\/rafael-caro-quintero-impugna-resolucion-para-frenar-extradicion-a-estados-unidos\/\" data-type=\"URL\" data-id=\"https:\/\/www.eluniversal.com.mx\/nacion\/rafael-caro-quintero-impugna-resolucion-para-frenar-extradicion-a-estados-unidos\/\">El Universal<\/a> <\/p>\n","protected":false},"excerpt":{"rendered":"<p>Un Tribunal Colegiado admiti\u00f3 a tr\u00e1mite el recurso de revisi\u00f3n que\u00a0Rafael Caro Quintero\u00a0\u201cEl Narco de Narcos\u201d\u00a0tramit\u00f3 contra el sobreseimiento de un amparo que interpuso para frenar su extradici\u00f3n a Estados Unidos. \u201cSe admite el recurso de revisi\u00f3n interpuesto por *******, autorizado del quejoso *******, contra la resoluci\u00f3n de veintisiete de diciembre de dos mil veintitr\u00e9s, [&hellip;]<\/p>\n","protected":false},"author":35,"featured_media":65279,"comment_status":"open","ping_status":"open","sticky":false,"template":"","format":"standard","meta":{"_monsterinsights_skip_tracking":false,"_monsterinsights_sitenote_active":false,"_monsterinsights_sitenote_note":"","_monsterinsights_sitenote_category":0,"footnotes":""},"categories":[181],"tags":[17652,183,1005,12360],"class_list":["post-139486","post","type-post","status-publish","format-standard","has-post-thumbnail","hentry","category-internacional","tag-caro-quintero","tag-estados-unidos","tag-extradicion","tag-impugna","wp-image-borders"],"amp_enabled":true,"_links":{"self":[{"href":"https:\/\/nvnoticias.mx\/index.php\/wp-json\/wp\/v2\/posts\/139486","targetHints":{"allow":["GET"]}}],"collection":[{"href":"https:\/\/nvnoticias.mx\/index.php\/wp-json\/wp\/v2\/posts"}],"about":[{"href":"https:\/\/nvnoticias.mx\/index.php\/wp-json\/wp\/v2\/types\/post"}],"author":[{"embeddable":true,"href":"https:\/\/nvnoticias.mx\/index.php\/wp-json\/wp\/v2\/users\/35"}],"replies":[{"embeddable":true,"href":"https:\/\/nvnoticias.mx\/index.php\/wp-json\/wp\/v2\/comments?post=139486"}],"version-history":[{"count":3,"href":"https:\/\/nvnoticias.mx\/index.php\/wp-json\/wp\/v2\/posts\/139486\/revisions"}],"predecessor-version":[{"id":139490,"href":"https:\/\/nvnoticias.mx\/index.php\/wp-json\/wp\/v2\/posts\/139486\/revisions\/139490"}],"wp:featuredmedia":[{"embeddable":true,"href":"https:\/\/nvnoticias.mx\/index.php\/wp-json\/wp\/v2\/media\/65279"}],"wp:attachment":[{"href":"https:\/\/nvnoticias.mx\/index.php\/wp-json\/wp\/v2\/media?parent=139486"}],"wp:term":[{"taxonomy":"category","embeddable":true,"href":"https:\/\/nvnoticias.mx\/index.php\/wp-json\/wp\/v2\/categories?post=139486"},{"taxonomy":"post_tag","embeddable":true,"href":"https:\/\/nvnoticias.mx\/index.php\/wp-json\/wp\/v2\/tags?post=139486"}],"curies":[{"name":"wp","href":"https:\/\/api.w.org\/{rel}","templated":true}]}}