{"id":139437,"date":"2024-02-15T10:13:24","date_gmt":"2024-02-15T16:13:24","guid":{"rendered":"https:\/\/nvnoticias.mx\/?p=139437"},"modified":"2024-02-15T10:13:26","modified_gmt":"2024-02-15T16:13:26","slug":"alicia-barcena-confirma-muerte-de-una-mexicana-por-tiroteo-en-festejo-de-chiefs","status":"publish","type":"post","link":"https:\/\/nvnoticias.mx\/index.php\/2024\/02\/15\/alicia-barcena-confirma-muerte-de-una-mexicana-por-tiroteo-en-festejo-de-chiefs\/","title":{"rendered":"Alicia B\u00e1rcena confirma muerte de una mexicana por tiroteo en festejo de Chiefs"},"content":{"rendered":"\n<p>La canciller Alicia B\u00e1rcena confirm\u00f3 la muerte de una mexicana por el tiroteo en el festejo de Chiefs en Kansas, City.<\/p>\n\n\n\n<hr class=\"wp-block-separator\"\/>\n\n\n\n<p>La secretaria de Relaciones Exteriores inform\u00f3 que se trata de&nbsp;<strong>Lisa L\u00f3pez-Galv\u00e1n&nbsp;<\/strong>quien falleci\u00f3 en el hospital cuando la estaban esperando y asegur\u00f3 que el consulado de M\u00e9xico en Kansas est\u00e1 abierto para brindar ayuda a sus familiares.<\/p>\n\n\n\n<p>AMLO expres\u00f3 sus condolencias por el fallecimiento de la mujer. \u201cAprovecho para enviar mi p\u00e9same a los padres de la mexicana que perdi\u00f3 la vida en la balacera de EU\u201d, agreg\u00f3 el presidente.<\/p>\n\n\n\n<hr class=\"wp-block-separator\"\/>\n\n\n\n<p>Tras el\u00a0tiroteo en Estados Unidos\u00a0tambi\u00e9n se reporta que\u00a0<strong>hay un ni\u00f1o herido, quien es hijo<\/strong>\u00a0de padres mexicanos; todav\u00eda no se sabe si hay otros mexicanos heridos o en hospitales tras el tiroteo.<\/p>\n\n\n\n<p>Fuente<a href=\"https:\/\/www.elfinanciero.com.mx\/nacional\/2024\/02\/15\/conferencia-mananera-de-amlo-hoy-15-de-febrero-de-2024-siguela-aqui-en-vivo\/\" data-type=\"URL\" data-id=\"https:\/\/www.elfinanciero.com.mx\/nacional\/2024\/02\/15\/conferencia-mananera-de-amlo-hoy-15-de-febrero-de-2024-siguela-aqui-en-vivo\/\">: El Universal<\/a> <\/p>\n","protected":false},"excerpt":{"rendered":"<p>La canciller Alicia B\u00e1rcena confirm\u00f3 la muerte de una mexicana por el tiroteo en el festejo de Chiefs en Kansas, City. La secretaria de Relaciones Exteriores inform\u00f3 que se trata de&nbsp;Lisa L\u00f3pez-Galv\u00e1n&nbsp;quien falleci\u00f3 en el hospital cuando la estaban esperando y asegur\u00f3 que el consulado de M\u00e9xico en Kansas est\u00e1 abierto para brindar ayuda a [&hellip;]<\/p>\n","protected":false},"author":35,"featured_media":139373,"comment_status":"open","ping_status":"open","sticky":false,"template":"","format":"standard","meta":{"_monsterinsights_skip_tracking":false,"_monsterinsights_sitenote_active":false,"_monsterinsights_sitenote_note":"","_monsterinsights_sitenote_category":0,"footnotes":""},"categories":[157],"tags":[12723,1119,8413,311],"class_list":["post-139437","post","type-post","status-publish","format-standard","has-post-thumbnail","hentry","category-nacional","tag-alicia-barcena","tag-chiefs","tag-confirma","tag-muerte","wp-image-borders"],"amp_enabled":true,"_links":{"self":[{"href":"https:\/\/nvnoticias.mx\/index.php\/wp-json\/wp\/v2\/posts\/139437","targetHints":{"allow":["GET"]}}],"collection":[{"href":"https:\/\/nvnoticias.mx\/index.php\/wp-json\/wp\/v2\/posts"}],"about":[{"href":"https:\/\/nvnoticias.mx\/index.php\/wp-json\/wp\/v2\/types\/post"}],"author":[{"embeddable":true,"href":"https:\/\/nvnoticias.mx\/index.php\/wp-json\/wp\/v2\/users\/35"}],"replies":[{"embeddable":true,"href":"https:\/\/nvnoticias.mx\/index.php\/wp-json\/wp\/v2\/comments?post=139437"}],"version-history":[{"count":2,"href":"https:\/\/nvnoticias.mx\/index.php\/wp-json\/wp\/v2\/posts\/139437\/revisions"}],"predecessor-version":[{"id":139439,"href":"https:\/\/nvnoticias.mx\/index.php\/wp-json\/wp\/v2\/posts\/139437\/revisions\/139439"}],"wp:featuredmedia":[{"embeddable":true,"href":"https:\/\/nvnoticias.mx\/index.php\/wp-json\/wp\/v2\/media\/139373"}],"wp:attachment":[{"href":"https:\/\/nvnoticias.mx\/index.php\/wp-json\/wp\/v2\/media?parent=139437"}],"wp:term":[{"taxonomy":"category","embeddable":true,"href":"https:\/\/nvnoticias.mx\/index.php\/wp-json\/wp\/v2\/categories?post=139437"},{"taxonomy":"post_tag","embeddable":true,"href":"https:\/\/nvnoticias.mx\/index.php\/wp-json\/wp\/v2\/tags?post=139437"}],"curies":[{"name":"wp","href":"https:\/\/api.w.org\/{rel}","templated":true}]}}