{"id":139395,"date":"2024-02-14T16:12:47","date_gmt":"2024-02-14T22:12:47","guid":{"rendered":"https:\/\/nvnoticias.mx\/?p=139395"},"modified":"2024-02-14T16:12:49","modified_gmt":"2024-02-14T22:12:49","slug":"los-4-fantasticos-confirma-su-casting-oficial-y-marvel-revela-primer-vistazo","status":"publish","type":"post","link":"https:\/\/nvnoticias.mx\/index.php\/2024\/02\/14\/los-4-fantasticos-confirma-su-casting-oficial-y-marvel-revela-primer-vistazo\/","title":{"rendered":"\u201cLos 4 fant\u00e1sticos\u201d confirma su casting oficial y Marvel revela primer vistazo"},"content":{"rendered":"\n<p><strong>Marvel Studios<\/strong>&nbsp;finalmente ha revelado el tan anticipado casting de&nbsp;<em><strong>Los 4 Fant\u00e1sticos<\/strong><\/em>&nbsp;(<em>The Fantastic Four<\/em>). Este mi\u00e9rcoles 14 de febrero, la franquicia confirm\u00f3 la participaci\u00f3n de todo su elenco tras meses de varios rumores y teor\u00edas. As\u00ed, los elegidos para dar vida a estos personajes son:&nbsp;<strong>Pedro Pascal<\/strong>&nbsp;comoReed Richards (Sr. Fant\u00e1stico),&nbsp;<strong>Vanessa Kirby<\/strong>&nbsp;como Sue Storm (Mujer Invisible),&nbsp;<strong>Joseph Quinn<\/strong>&nbsp;comoJohnny Storm(Antorcha Humana) y&nbsp;<strong>Ebon Moss-Bachrach<\/strong>&nbsp;como Ben Grimm (La Mole). De tal manera, el cuarteto de estrellas se une oficialmente al Universo Cinematogr\u00e1fico de Marvel (UCM).<\/p>\n\n\n\n<p>La incorporaci\u00f3n de este grupo de superh\u00e9roes ha sido un tema de especulaci\u00f3n y emoci\u00f3n desde la adquisici\u00f3n de 21st Century Fox por parte de&nbsp;<strong>Disney&nbsp;<\/strong>en 2019. Si bien Reed Richards ya hab\u00eda aparecido antes en&nbsp;<em><strong>Doctor Strange en el multiverso de la locura<\/strong><\/em>bajo la interpretaci\u00f3n de&nbsp;<strong>John Krasinski<\/strong>, esta nueva revelaci\u00f3n abre un gran n\u00famero de posibilidades para futuras narrativas y&nbsp;<em>crossovers&nbsp;<\/em>con otros personajes emblem\u00e1ticos. El film contar\u00e1 con la direcci\u00f3n de&nbsp;<strong>Matt Shakman<\/strong>&nbsp;y un guion a cargo de Josh Friedman, Jeff Kaplan e Ian Springer.<\/p>\n\n\n\n<figure class=\"wp-block-image size-large\"><img loading=\"lazy\" decoding=\"async\" width=\"768\" height=\"1024\" src=\"https:\/\/nvnoticias.mx\/wp-content\/uploads\/2024\/02\/image-50-768x1024.png\" alt=\"\" class=\"wp-image-139398\" srcset=\"https:\/\/nvnoticias.mx\/wp-content\/uploads\/2024\/02\/image-50-768x1024.png 768w, https:\/\/nvnoticias.mx\/wp-content\/uploads\/2024\/02\/image-50-225x300.png 225w, https:\/\/nvnoticias.mx\/wp-content\/uploads\/2024\/02\/image-50-1152x1536.png 1152w, https:\/\/nvnoticias.mx\/wp-content\/uploads\/2024\/02\/image-50.png 1200w\" sizes=\"auto, (max-width: 768px) 100vw, 768px\" \/><\/figure>\n\n\n\n<p>La primera imagen oficial es en realidad una ilustraci\u00f3n que conmemora el 14 de febrero (D\u00eda de San Valent\u00edn), fecha en la que se ha anunciado el reparto oficial de la pel\u00edcula. El vistazo muestra a los actores dando vida a los cuatros personajes \u2014<strong>Reed Richards, Sue Storm, Johnny Storm<\/strong>\u00a0y\u00a0<strong>Ben Grimm<\/strong>\u2014 que conforman la agrupaci\u00f3n de superh\u00e9roes. Un curiosidad que apreciar\u00e1n los fan\u00e1ticos es que en la imagen se aprecia al cuarteto vistiendo los trajes originales de los c\u00f3mics, lo que podr\u00eda sugerir que esos ser\u00edan los uniformes que utilizar\u00edan en las pel\u00edculas.<\/p>\n\n\n\n<p>Fuente: <a href=\"https:\/\/www.infobae.com\/que-puedo-ver\/2024\/02\/14\/los-4-fantasticos-reparto-oficial-de-marvel-pedro-pascal-vanessa-kirby-joseph-quinn-ebon-moss-bachrach\/\" data-type=\"URL\" data-id=\"https:\/\/www.infobae.com\/que-puedo-ver\/2024\/02\/14\/los-4-fantasticos-reparto-oficial-de-marvel-pedro-pascal-vanessa-kirby-joseph-quinn-ebon-moss-bachrach\/\">Infobae<\/a><\/p>\n","protected":false},"excerpt":{"rendered":"<p>Marvel Studios&nbsp;finalmente ha revelado el tan anticipado casting de&nbsp;Los 4 Fant\u00e1sticos&nbsp;(The Fantastic Four). Este mi\u00e9rcoles 14 de febrero, la franquicia confirm\u00f3 la participaci\u00f3n de todo su elenco tras meses de varios rumores y teor\u00edas. As\u00ed, los elegidos para dar vida a estos personajes son:&nbsp;Pedro Pascal&nbsp;comoReed Richards (Sr. Fant\u00e1stico),&nbsp;Vanessa Kirby&nbsp;como Sue Storm (Mujer Invisible),&nbsp;Joseph Quinn&nbsp;comoJohnny Storm(Antorcha [&hellip;]<\/p>\n","protected":false},"author":35,"featured_media":139400,"comment_status":"open","ping_status":"open","sticky":false,"template":"","format":"standard","meta":{"_monsterinsights_skip_tracking":false,"_monsterinsights_sitenote_active":false,"_monsterinsights_sitenote_note":"","_monsterinsights_sitenote_category":0,"footnotes":""},"categories":[576],"tags":[29375,1887],"class_list":["post-139395","post","type-post","status-publish","format-standard","has-post-thumbnail","hentry","category-ocio","tag-los-4-fantasticos","tag-marvel","wp-image-borders"],"amp_enabled":true,"_links":{"self":[{"href":"https:\/\/nvnoticias.mx\/index.php\/wp-json\/wp\/v2\/posts\/139395","targetHints":{"allow":["GET"]}}],"collection":[{"href":"https:\/\/nvnoticias.mx\/index.php\/wp-json\/wp\/v2\/posts"}],"about":[{"href":"https:\/\/nvnoticias.mx\/index.php\/wp-json\/wp\/v2\/types\/post"}],"author":[{"embeddable":true,"href":"https:\/\/nvnoticias.mx\/index.php\/wp-json\/wp\/v2\/users\/35"}],"replies":[{"embeddable":true,"href":"https:\/\/nvnoticias.mx\/index.php\/wp-json\/wp\/v2\/comments?post=139395"}],"version-history":[{"count":6,"href":"https:\/\/nvnoticias.mx\/index.php\/wp-json\/wp\/v2\/posts\/139395\/revisions"}],"predecessor-version":[{"id":139403,"href":"https:\/\/nvnoticias.mx\/index.php\/wp-json\/wp\/v2\/posts\/139395\/revisions\/139403"}],"wp:featuredmedia":[{"embeddable":true,"href":"https:\/\/nvnoticias.mx\/index.php\/wp-json\/wp\/v2\/media\/139400"}],"wp:attachment":[{"href":"https:\/\/nvnoticias.mx\/index.php\/wp-json\/wp\/v2\/media?parent=139395"}],"wp:term":[{"taxonomy":"category","embeddable":true,"href":"https:\/\/nvnoticias.mx\/index.php\/wp-json\/wp\/v2\/categories?post=139395"},{"taxonomy":"post_tag","embeddable":true,"href":"https:\/\/nvnoticias.mx\/index.php\/wp-json\/wp\/v2\/tags?post=139395"}],"curies":[{"name":"wp","href":"https:\/\/api.w.org\/{rel}","templated":true}]}}