{"id":1393,"date":"2021-01-17T10:03:48","date_gmt":"2021-01-17T16:03:48","guid":{"rendered":"https:\/\/nvnoticias.mx\/?p=1393"},"modified":"2021-01-17T10:03:49","modified_gmt":"2021-01-17T16:03:49","slug":"hospitalizan-al-cardenal-norberto-rivera-por-covid-19","status":"publish","type":"post","link":"https:\/\/nvnoticias.mx\/index.php\/2021\/01\/17\/hospitalizan-al-cardenal-norberto-rivera-por-covid-19\/","title":{"rendered":"Hospitalizan al Cardenal Norberto Rivera por covid-19"},"content":{"rendered":"\n<p>La Arquidi\u00f3cesis Primada de M\u00e9xico inform\u00f3 a trav\u00e9s de un comunicado que el\u00a0<strong>Cardenal Norberto Rivera Carrera <\/strong>fue hospitalizado, tras dar positivo a covid-19.<\/p>\n\n\n\n<blockquote class=\"wp-block-quote is-layout-flow wp-block-quote-is-layout-flow\"><p> Est\u00e1 siendo debidamente atendido y \u00e9l mismo pide la oraci\u00f3n del Pueblo de Dios para hacer frente a esta situaci\u00f3n tan especial. Y quienes peregrinamos en esta Arquidi\u00f3cesis de M\u00e9xico, estamos filialmente comprometidos en la plegaria por quien presidi\u00f3 esta Iglesia particular\u201d<\/p><\/blockquote>\n\n\n\n<p>Adem\u00e1s, pidieron rezar por todos los enfermos, particularmente por quienes se han visto afectados por el nuevo coronavirus.<\/p>\n\n\n\n<p><\/p>\n","protected":false},"excerpt":{"rendered":"<p>La Arquidi\u00f3cesis Primada de M\u00e9xico indic\u00f3 que est\u00e1 siendo debidamente atendido.<\/p>\n","protected":false},"author":6,"featured_media":1394,"comment_status":"open","ping_status":"open","sticky":false,"template":"","format":"standard","meta":{"_monsterinsights_skip_tracking":false,"_monsterinsights_sitenote_active":false,"_monsterinsights_sitenote_note":"","_monsterinsights_sitenote_category":0,"footnotes":""},"categories":[157],"tags":[175,477,162],"class_list":["post-1393","post","type-post","status-publish","format-standard","has-post-thumbnail","hentry","category-nacional","tag-covid-19","tag-norberto-rivera-carrera","tag-portada","wp-image-borders"],"amp_enabled":true,"_links":{"self":[{"href":"https:\/\/nvnoticias.mx\/index.php\/wp-json\/wp\/v2\/posts\/1393","targetHints":{"allow":["GET"]}}],"collection":[{"href":"https:\/\/nvnoticias.mx\/index.php\/wp-json\/wp\/v2\/posts"}],"about":[{"href":"https:\/\/nvnoticias.mx\/index.php\/wp-json\/wp\/v2\/types\/post"}],"author":[{"embeddable":true,"href":"https:\/\/nvnoticias.mx\/index.php\/wp-json\/wp\/v2\/users\/6"}],"replies":[{"embeddable":true,"href":"https:\/\/nvnoticias.mx\/index.php\/wp-json\/wp\/v2\/comments?post=1393"}],"version-history":[{"count":1,"href":"https:\/\/nvnoticias.mx\/index.php\/wp-json\/wp\/v2\/posts\/1393\/revisions"}],"predecessor-version":[{"id":1395,"href":"https:\/\/nvnoticias.mx\/index.php\/wp-json\/wp\/v2\/posts\/1393\/revisions\/1395"}],"wp:featuredmedia":[{"embeddable":true,"href":"https:\/\/nvnoticias.mx\/index.php\/wp-json\/wp\/v2\/media\/1394"}],"wp:attachment":[{"href":"https:\/\/nvnoticias.mx\/index.php\/wp-json\/wp\/v2\/media?parent=1393"}],"wp:term":[{"taxonomy":"category","embeddable":true,"href":"https:\/\/nvnoticias.mx\/index.php\/wp-json\/wp\/v2\/categories?post=1393"},{"taxonomy":"post_tag","embeddable":true,"href":"https:\/\/nvnoticias.mx\/index.php\/wp-json\/wp\/v2\/tags?post=1393"}],"curies":[{"name":"wp","href":"https:\/\/api.w.org\/{rel}","templated":true}]}}