{"id":13925,"date":"2021-05-21T11:43:14","date_gmt":"2021-05-21T16:43:14","guid":{"rendered":"https:\/\/nvnoticias.mx\/?p=13925"},"modified":"2021-05-21T11:43:15","modified_gmt":"2021-05-21T16:43:15","slug":"la-4t","status":"publish","type":"post","link":"https:\/\/nvnoticias.mx\/index.php\/2021\/05\/21\/la-4t\/","title":{"rendered":"La 4T"},"content":{"rendered":"\n<blockquote class=\"wp-block-quote is-layout-flow wp-block-quote-is-layout-flow\"><p>&#8220;<em>Las civilizaciones que maduran no mueren de las<\/em><\/p><p><em>\u00a0\u00a0\u00a0\u00a0\u00a0\u00a0\u00a0\u00a0\u00a0\u00a0\u00a0\u00a0\u00a0\u00a0\u00a0 tormentas de oto\u00f1o, apenas se transforman.<\/em><\/p><p><em>\u00a0\u00a0\u00a0\u00a0\u00a0\u00a0\u00a0\u00a0\u00a0\u00a0\u00a0\u00a0\u00a0\u00a0\u00a0 \u00danicamente la inercia es amenaza&#8221;.<\/em><\/p><cite><strong>Sanit-John Perse<\/strong><\/cite><\/blockquote>\n\n\n\n<p>Un asunto es recurrente en M\u00e9xico, \u00bfc\u00f3mo evaluar el actual gobierno? Se escuchan y se leen opiniones con una enorme carga emotiva, prejuicios arraigados, adem\u00e1s de un inefable sectarismo rutinario. Propongo cinco par\u00e1metros que son caracter\u00edsticas elementales de una buena gobernanza:<\/p>\n\n\n\n<p>1. El primer deber de un Estado es evitar la violencia, sobre todo la que es imputable al ejercicio del poder, sea por represi\u00f3n o por negligencia.<\/p>\n\n\n\n<p>2. El manejo honesto de los recursos y la consecuente rendici\u00f3n de cuentas son fundamentales. Exige precisar prioridades para beneficiar a la gente de forma eficaz.<\/p>\n\n\n\n<p>3. Impulsar el desarrollo econ\u00f3mico generando empleos y mejorando el poder adquisitivo.<\/p>\n\n\n\n<p>4. Designar funcionarios probos y capaces que correspondan a los perfiles que cada cargo requiere.<\/p>\n\n\n\n<p>5. Mensurar la observancia de la ley, lo cual otorga estabilidad y legitimidad a la autoridad.<\/p>\n\n\n\n<p>Con estas herramientas, el periodo sexenal de Adolfo Ruiz Cortines es el que sale mejor librado en el siglo pasado. Su falla radica en la ausencia de reformas que abrieran cauces a la democracia. Su \u00fanica aportaci\u00f3n fue reconocer el voto a las mujeres, reforma que hab\u00eda sido postergada por los gobiernos posrevolucionarios. Aburrido, pero de resultados.<\/p>\n\n\n\n<p>En este mismo ejercicio, califico al actual gobierno como el peor, hasta donde mis pesquisas alcanzan. Me explico.<\/p>\n\n\n\n<p>La situaci\u00f3n de violencia al inicio de esta administraci\u00f3n era ya muy grave. Se continu\u00f3 con la misma pol\u00edtica de seguridad con un cambio que vino a empeorar la situaci\u00f3n. El Presidente lo evidenci\u00f3 con su respuesta al exembajador de Estados Unidos, Christopher Landau, al afirmar que se busc\u00f3, de cierta manera, una especie de tregua con el crimen organizado y se implement\u00f3 una supuesta pol\u00edtica social que atacar\u00eda las causas que generaron tanta delincuencia. El desastre se confirma en las cifras de muertos y en el in\u00e9dito se\u00f1alamiento de que una buena parte del territorio nacional est\u00e1 fuera del control gubernamental.<\/p>\n\n\n\n<p>El manejo del presupuesto ha sido da\u00f1ino para la sociedad. Ni remotamente se orient\u00f3 para beneficiar primero a los pobres. Obras fara\u00f3nicas, cancelaciones de programas acreditados por sus buenos resultados, fallidos y costosos intentos para combatir la corrupci\u00f3n, han deteriorado a\u00fan m\u00e1s el nivel de vida de los mexicanos.<\/p>\n\n\n\n<p>&nbsp;Los datos en todas las \u00e1reas de la econom\u00eda son negativos. Los funcionarios ostentan su incompetencia. El m\u00e1s reciente \u201cincidente\u201d de la L\u00ednea 12 del Metro no requiere de mayor averiguaci\u00f3n para encontrar a los culpables, desde el inicio de la obra fueron se\u00f1alados. La falta de mantenimiento est\u00e1 suficientemente probada.<\/p>\n\n\n\n<p>La brecha entre el M\u00e9xico real y el M\u00e9xico legal cada vez es m\u00e1s ancha y profunda. La brutal embestida contra nuestra democracia desde el Poder Ejecutivo se constata de manera cotidiana.<\/p>\n\n\n\n<p>Hace algunos a\u00f1os, Octavio Paz describi\u00f3 a los rebeldes, revolucionarios y revoltosos. Los primeros son repelentes a la autoridad. Los segundos le imprimen un ideal de cambio a su actitud. Los terceros simplemente estropean todo. Este \u00faltimo caso es el de nuestro Presidente y su cacareada 4T. En un arriesgado intento de entenderlo, intento desentra\u00f1ar sus asideros ideol\u00f3gicos.<\/p>\n\n\n\n<p>Cree que persiste la lucha de clases. La confrontaci\u00f3n entre explotados y explotadores es permanente y el Estado es el \u00fanico que puede rescatarnos seg\u00fan \u00e9l. El empresario disfruta de la plusval\u00eda, extray\u00e9ndola del trabajo ajeno. La ley es de la autor\u00eda de una burgues\u00eda que se incrusta en el poder. Los \u00f3rganos colegiados son in\u00fatiles, talleres de conversaci\u00f3n. El gobierno por s\u00ed solo es capaz de tomar las mejores decisiones.<\/p>\n\n\n\n<p>Estas ideas han ocasionado grandes males en todas las naciones. Sin embargo, est\u00e1n arraigadas en la idiosincrasia de Andr\u00e9s Manuel L\u00f3pez Obrador.<\/p>\n\n\n\n<p>No tengo ninguna duda, Octavio Paz lo calificar\u00eda de revoltoso.<\/p>\n\n\n\n<p class=\"has-text-align-right\"><strong>Juan Jos\u00e9 Rodr\u00edguez Prats<\/strong><\/p>\n","protected":false},"excerpt":{"rendered":"<p>&#8220;Las civilizaciones que maduran no mueren de las \u00a0\u00a0\u00a0\u00a0\u00a0\u00a0\u00a0\u00a0\u00a0\u00a0\u00a0\u00a0\u00a0\u00a0\u00a0 tormentas de oto\u00f1o, apenas se transforman. \u00a0\u00a0\u00a0\u00a0\u00a0\u00a0\u00a0\u00a0\u00a0\u00a0\u00a0\u00a0\u00a0\u00a0\u00a0 \u00danicamente la inercia es amenaza&#8221;. Sanit-John Perse Un asunto es recurrente en M\u00e9xico, \u00bfc\u00f3mo evaluar el actual gobierno? Se escuchan y se leen opiniones con una enorme carga emotiva, prejuicios arraigados, adem\u00e1s de un inefable sectarismo rutinario. Propongo cinco [&hellip;]<\/p>\n","protected":false},"author":17,"featured_media":3450,"comment_status":"open","ping_status":"open","sticky":false,"template":"","format":"standard","meta":{"_monsterinsights_skip_tracking":false,"_monsterinsights_sitenote_active":false,"_monsterinsights_sitenote_note":"","_monsterinsights_sitenote_category":0,"footnotes":""},"categories":[614],"tags":[397],"class_list":["post-13925","post","type-post","status-publish","format-standard","has-post-thumbnail","hentry","category-politica-de-principios","tag-juan-jose-rodriguez-prats-2","wp-image-borders"],"amp_enabled":true,"_links":{"self":[{"href":"https:\/\/nvnoticias.mx\/index.php\/wp-json\/wp\/v2\/posts\/13925","targetHints":{"allow":["GET"]}}],"collection":[{"href":"https:\/\/nvnoticias.mx\/index.php\/wp-json\/wp\/v2\/posts"}],"about":[{"href":"https:\/\/nvnoticias.mx\/index.php\/wp-json\/wp\/v2\/types\/post"}],"author":[{"embeddable":true,"href":"https:\/\/nvnoticias.mx\/index.php\/wp-json\/wp\/v2\/users\/17"}],"replies":[{"embeddable":true,"href":"https:\/\/nvnoticias.mx\/index.php\/wp-json\/wp\/v2\/comments?post=13925"}],"version-history":[{"count":1,"href":"https:\/\/nvnoticias.mx\/index.php\/wp-json\/wp\/v2\/posts\/13925\/revisions"}],"predecessor-version":[{"id":13926,"href":"https:\/\/nvnoticias.mx\/index.php\/wp-json\/wp\/v2\/posts\/13925\/revisions\/13926"}],"wp:featuredmedia":[{"embeddable":true,"href":"https:\/\/nvnoticias.mx\/index.php\/wp-json\/wp\/v2\/media\/3450"}],"wp:attachment":[{"href":"https:\/\/nvnoticias.mx\/index.php\/wp-json\/wp\/v2\/media?parent=13925"}],"wp:term":[{"taxonomy":"category","embeddable":true,"href":"https:\/\/nvnoticias.mx\/index.php\/wp-json\/wp\/v2\/categories?post=13925"},{"taxonomy":"post_tag","embeddable":true,"href":"https:\/\/nvnoticias.mx\/index.php\/wp-json\/wp\/v2\/tags?post=13925"}],"curies":[{"name":"wp","href":"https:\/\/api.w.org\/{rel}","templated":true}]}}