{"id":139135,"date":"2024-02-12T14:20:49","date_gmt":"2024-02-12T20:20:49","guid":{"rendered":"https:\/\/nvnoticias.mx\/?p=139135"},"modified":"2024-02-12T14:20:50","modified_gmt":"2024-02-12T20:20:50","slug":"marcharan-por-la-familia-y-los-valores-biblicos","status":"publish","type":"post","link":"https:\/\/nvnoticias.mx\/index.php\/2024\/02\/12\/marcharan-por-la-familia-y-los-valores-biblicos\/","title":{"rendered":"Marchar\u00e1n por la Familia y los valores b\u00edblicos"},"content":{"rendered":"\n<p><strong>Jes\u00fas Utrilla \/ NV Noticias<\/strong><\/p>\n\n\n\n<p>El pr\u00f3ximo 14 de febrero, a las 2 de la tarde, diversas agrupaciones de evang\u00e9licos llevar\u00e1n a cabo la Marcha por la Familia en Veracruz, con la expectativa de congregar a m\u00e1s de 10 mil familias. <\/p>\n\n\n\n<p>V\u00edctor Hugo Galicia Martinez, coordinador del Consejo Pastoral Transforma al Mundo Veracruz, anunci\u00f3 que la marcha partir\u00e1 desde Xicot\u00e9ncatl y el bulevar, para culminar en la Macroplaza del malec\u00f3n con un evento masivo.<\/p>\n\n\n\n<blockquote class=\"wp-block-quote is-layout-flow wp-block-quote-is-layout-flow\"><p><em>&#8220;Estamos esperando la participaci\u00f3n de m\u00e1s de 10 mil personas que marchar\u00e1n a favor de la familia y los valores b\u00edblicos. Esta marcha forma parte de la agenda que las Asambleas de Dios llevar\u00e1n a cabo esta semana aqu\u00ed en el puerto de Veracruz, con motivo del Congreso Nacional de Damas&#8221;, <\/em>afirm\u00f3 Galicia Martinez.<\/p><\/blockquote>\n\n\n\n<p>Adem\u00e1s del Congreso Nacional de Damas, que se realizar\u00e1 durante esta semana, se espera la concentraci\u00f3n de cerca de 10 mil mujeres en Boca del R\u00edo, donde se llevar\u00e1n a cabo diversas actividades y conferencias para fortalecer este sector de la poblaci\u00f3n.<\/p>\n\n\n\n<p>El objetivo principal de la marcha, seg\u00fan Galicia Martinez, es fortalecer a la familia en la sociedad, siendo una expresi\u00f3n de la iglesia evang\u00e9lica a favor de los valores que sostienen a la familia y a la sociedad en general. <\/p>\n\n\n\n<p>Destac\u00f3 que esta marcha se diferencia por la uni\u00f3n de diversas asociaciones religiosas de la zona conurbada, as\u00ed como la participaci\u00f3n de alianzas pastorales.<\/p>\n\n\n\n<blockquote class=\"wp-block-quote is-layout-flow wp-block-quote-is-layout-flow\"><p>&#8220;<em>Es importante recordar que la iglesia evang\u00e9lica siempre estar\u00e1 a favor de la familia y continuar\u00e1 buscando fortalecer los valores b\u00edblicos que la sostienen<\/em>&#8220;, agreg\u00f3 Galicia Martinez.<\/p><\/blockquote>\n","protected":false},"excerpt":{"rendered":"<p>Jes\u00fas Utrilla \/ NV Noticias El pr\u00f3ximo 14 de febrero, a las 2 de la tarde, diversas agrupaciones de evang\u00e9licos llevar\u00e1n a cabo la Marcha por la Familia en Veracruz, con la expectativa de congregar a m\u00e1s de 10 mil familias. V\u00edctor Hugo Galicia Martinez, coordinador del Consejo Pastoral Transforma al Mundo Veracruz, anunci\u00f3 que [&hellip;]<\/p>\n","protected":false},"author":8,"featured_media":139140,"comment_status":"open","ping_status":"open","sticky":false,"template":"","format":"standard","meta":{"_monsterinsights_skip_tracking":false,"_monsterinsights_sitenote_active":false,"_monsterinsights_sitenote_note":"","_monsterinsights_sitenote_category":0,"footnotes":""},"categories":[154],"tags":[2909,1507,29349],"class_list":["post-139135","post","type-post","status-publish","format-standard","has-post-thumbnail","hentry","category-veracruz","tag-familia","tag-marcha","tag-valores-publicos","wp-image-borders"],"amp_enabled":true,"_links":{"self":[{"href":"https:\/\/nvnoticias.mx\/index.php\/wp-json\/wp\/v2\/posts\/139135","targetHints":{"allow":["GET"]}}],"collection":[{"href":"https:\/\/nvnoticias.mx\/index.php\/wp-json\/wp\/v2\/posts"}],"about":[{"href":"https:\/\/nvnoticias.mx\/index.php\/wp-json\/wp\/v2\/types\/post"}],"author":[{"embeddable":true,"href":"https:\/\/nvnoticias.mx\/index.php\/wp-json\/wp\/v2\/users\/8"}],"replies":[{"embeddable":true,"href":"https:\/\/nvnoticias.mx\/index.php\/wp-json\/wp\/v2\/comments?post=139135"}],"version-history":[{"count":1,"href":"https:\/\/nvnoticias.mx\/index.php\/wp-json\/wp\/v2\/posts\/139135\/revisions"}],"predecessor-version":[{"id":139141,"href":"https:\/\/nvnoticias.mx\/index.php\/wp-json\/wp\/v2\/posts\/139135\/revisions\/139141"}],"wp:featuredmedia":[{"embeddable":true,"href":"https:\/\/nvnoticias.mx\/index.php\/wp-json\/wp\/v2\/media\/139140"}],"wp:attachment":[{"href":"https:\/\/nvnoticias.mx\/index.php\/wp-json\/wp\/v2\/media?parent=139135"}],"wp:term":[{"taxonomy":"category","embeddable":true,"href":"https:\/\/nvnoticias.mx\/index.php\/wp-json\/wp\/v2\/categories?post=139135"},{"taxonomy":"post_tag","embeddable":true,"href":"https:\/\/nvnoticias.mx\/index.php\/wp-json\/wp\/v2\/tags?post=139135"}],"curies":[{"name":"wp","href":"https:\/\/api.w.org\/{rel}","templated":true}]}}