{"id":138913,"date":"2024-02-10T11:13:09","date_gmt":"2024-02-10T17:13:09","guid":{"rendered":"https:\/\/nvnoticias.mx\/?p=138913"},"modified":"2024-02-10T11:13:11","modified_gmt":"2024-02-10T17:13:11","slug":"rescataran-el-pico-de-orizaba-ante-alta-deforestacion","status":"publish","type":"post","link":"https:\/\/nvnoticias.mx\/index.php\/2024\/02\/10\/rescataran-el-pico-de-orizaba-ante-alta-deforestacion\/","title":{"rendered":"Rescatar\u00e1n el Pico de Orizaba ante alta deforestaci\u00f3n"},"content":{"rendered":"\n<p><strong>Jes\u00fas Utrilla \/ NV Noticias<\/strong><\/p>\n\n\n\n<p>Agrupaciones ambientalistas buscan reforestar zonas como el Pico de Orizaba como una forma de contrarrestar la falta de agua en r\u00edos como el Jamapa. <\/p>\n\n\n\n<p>Luis Enrique Aguilar \u00c1lvarez, presidente de la Asociaci\u00f3n Cool Planet, dijo que con grupos de estudiantes, ambientalistas e integrantes de la industria en chimeneas llevan a cabo acciones en la monta\u00f1a.<\/p>\n\n\n\n<blockquote class=\"wp-block-quote is-layout-flow wp-block-quote-is-layout-flow\"><p>\u201c<em>El tema de deforestaci\u00f3n en el pico de Orizaba, ha sido complicado y directamente estamos trabajando para reforestar esas \u00e1reas de manera integral con diferentes sectores de turismo y de medio ambiente de la zona de la monta\u00f1a<\/em>\u201d.\u00a0<\/p><\/blockquote>\n\n\n\n<p>Coment\u00f3 que es importante que la gente tome conciencia sobre el cuidado del vital l\u00edquido, ya que muchas veces ocupan indiscriminadamente las mangueras, no atienden las fugas de agua, dejan abiertas las llaves, entre otros.<\/p>\n\n\n\n<blockquote class=\"wp-block-quote is-layout-flow wp-block-quote-is-layout-flow\"><p>\u201c<em>Trabajamos con diferentes escuelas para promover el cuidado ambiental con los j\u00f3venes. Los llevamos a \u00e1reas naturales protegidas como el parque Sistema Arrecifal Veracruzano, los llevamos a las islas y monta\u00f1as y revalorar el tema de la reforestaci\u00f3n<\/em>\u201d.<\/p><\/blockquote>\n\n\n\n<p>Insisti\u00f3 en que la reforestaci\u00f3n es importante para el medio ambiente y para contrarrestar la escasez de agua en diferentes regiones del Estado de Veracruz. Por ello seguir\u00e1n trabajando con la siembra en el Pico de Orizaba.<\/p>\n\n\n\n<p>El Pico de Orizaba, es la monta\u00f1a m\u00e1s alta de M\u00e9xico y tercera m\u00e1s alta de Am\u00e9rica del Norte, es crucial por varias razones:<\/p>\n\n\n\n<ul class=\"wp-block-list\"><li><strong>Conservaci\u00f3n del ecosistema<\/strong>: El Pico de Orizaba alberga una gran diversidad de flora y fauna, muchas de las cuales son especies end\u00e9micas o en peligro de extinci\u00f3n. La reforestaci\u00f3n ayuda a preservar este ecosistema \u00fanico y a restaurar \u00e1reas degradadas<\/li><\/ul>\n\n\n\n<ul class=\"wp-block-list\"><li><strong>Protecci\u00f3n de recursos h\u00eddricos<\/strong>: El Pico de Orizaba es una importante fuente de agua para la regi\u00f3n circundante. Los bosques act\u00faan como reguladores naturales del agua, ayudando a mantener la calidad y cantidad de los recursos h\u00eddricos, as\u00ed como a prevenir la erosi\u00f3n del suelo y las inundaciones.<\/li><\/ul>\n\n\n\n<ul class=\"wp-block-list\"><li><strong>Mitigaci\u00f3n del cambio clim\u00e1tico<\/strong>: Los \u00e1rboles absorben di\u00f3xido de carbono (CO2) de la atm\u00f3sfera y lo convierten en ox\u00edgeno durante el proceso de fotos\u00edntesis. La reforestaci\u00f3n del Pico de Orizaba contribuye a la captura de carbono y a la reducci\u00f3n de los efectos del cambio clim\u00e1tico.<\/li><\/ul>\n\n\n\n<ul class=\"wp-block-list\"><li><strong>Turismo sostenible<\/strong>: El Pico de Orizaba es un destino tur\u00edstico popular tanto para monta\u00f1istas como para amantes de la naturaleza. La reforestaci\u00f3n contribuye a mantener la belleza esc\u00e9nica del paisaje y a promover un turismo sostenible que beneficie a las comunidades locales sin comprometer los recursos naturales.<\/li><\/ul>\n","protected":false},"excerpt":{"rendered":"<p>Jes\u00fas Utrilla \/ NV Noticias Agrupaciones ambientalistas buscan reforestar zonas como el Pico de Orizaba como una forma de contrarrestar la falta de agua en r\u00edos como el Jamapa. Luis Enrique Aguilar \u00c1lvarez, presidente de la Asociaci\u00f3n Cool Planet, dijo que con grupos de estudiantes, ambientalistas e integrantes de la industria en chimeneas llevan a [&hellip;]<\/p>\n","protected":false},"author":8,"featured_media":62977,"comment_status":"open","ping_status":"open","sticky":false,"template":"","format":"standard","meta":{"_monsterinsights_skip_tracking":false,"_monsterinsights_sitenote_active":false,"_monsterinsights_sitenote_note":"","_monsterinsights_sitenote_category":0,"footnotes":""},"categories":[154],"tags":[6958,4493],"class_list":["post-138913","post","type-post","status-publish","format-standard","has-post-thumbnail","hentry","category-veracruz","tag-deforestacion","tag-pico-de-orizaba","wp-image-borders"],"amp_enabled":true,"_links":{"self":[{"href":"https:\/\/nvnoticias.mx\/index.php\/wp-json\/wp\/v2\/posts\/138913","targetHints":{"allow":["GET"]}}],"collection":[{"href":"https:\/\/nvnoticias.mx\/index.php\/wp-json\/wp\/v2\/posts"}],"about":[{"href":"https:\/\/nvnoticias.mx\/index.php\/wp-json\/wp\/v2\/types\/post"}],"author":[{"embeddable":true,"href":"https:\/\/nvnoticias.mx\/index.php\/wp-json\/wp\/v2\/users\/8"}],"replies":[{"embeddable":true,"href":"https:\/\/nvnoticias.mx\/index.php\/wp-json\/wp\/v2\/comments?post=138913"}],"version-history":[{"count":1,"href":"https:\/\/nvnoticias.mx\/index.php\/wp-json\/wp\/v2\/posts\/138913\/revisions"}],"predecessor-version":[{"id":138914,"href":"https:\/\/nvnoticias.mx\/index.php\/wp-json\/wp\/v2\/posts\/138913\/revisions\/138914"}],"wp:featuredmedia":[{"embeddable":true,"href":"https:\/\/nvnoticias.mx\/index.php\/wp-json\/wp\/v2\/media\/62977"}],"wp:attachment":[{"href":"https:\/\/nvnoticias.mx\/index.php\/wp-json\/wp\/v2\/media?parent=138913"}],"wp:term":[{"taxonomy":"category","embeddable":true,"href":"https:\/\/nvnoticias.mx\/index.php\/wp-json\/wp\/v2\/categories?post=138913"},{"taxonomy":"post_tag","embeddable":true,"href":"https:\/\/nvnoticias.mx\/index.php\/wp-json\/wp\/v2\/tags?post=138913"}],"curies":[{"name":"wp","href":"https:\/\/api.w.org\/{rel}","templated":true}]}}