{"id":138902,"date":"2024-02-10T09:50:21","date_gmt":"2024-02-10T15:50:21","guid":{"rendered":"https:\/\/nvnoticias.mx\/?p=138902"},"modified":"2024-02-10T09:50:22","modified_gmt":"2024-02-10T15:50:22","slug":"cesar-ramos-no-pitara-esta-jornada-por-no-marcar-penal-a-favor-del-america","status":"publish","type":"post","link":"https:\/\/nvnoticias.mx\/index.php\/2024\/02\/10\/cesar-ramos-no-pitara-esta-jornada-por-no-marcar-penal-a-favor-del-america\/","title":{"rendered":"C\u00e9sar Ramos no pitar\u00e1 esta jornada por no marcar penal a favor del Am\u00e9rica"},"content":{"rendered":"\n<p>El \u00e1rbitro mexicano, C\u00e9sar Ramos habr\u00eda sido &#8216;<strong>congelado<\/strong>&#8216;, debido a que&nbsp;<strong>no tendr\u00e1 actividad<\/strong>&nbsp;como silbante en ning\u00fan partido correspondiente a la jornada 6 de la Liga MX, torneo Clausura 2024.<\/p>\n\n\n\n<p>Ramos no apareci\u00f3 la lista de designaciones arbitrales para la\u00a0<strong>jornada 6,\u00a0<\/strong>que inici\u00f3 el viernes con el encuentro entre Mazatl\u00e1n FC ante los Rojinegros del Atlas.<\/p>\n\n\n\n<p>Dicha situaci\u00f3n ha generado pol\u00e9mica, debido a que en la jornada 5 de la Liga MX,&nbsp;<strong>C\u00e9sar Ramos&nbsp;<\/strong>decidi\u00f3 no sancionar un penal a favor del&nbsp;<strong>Club Am\u00e9rica<\/strong>&nbsp;en el duelo ante los&nbsp;<strong>Rayados&nbsp;<\/strong>de Monterrey, cuesti\u00f3n que le habr\u00eda costado quedar &#8216;congelado&#8217; para la fecha 6.<\/p>\n\n\n\n<p>Cabe se\u00f1alar que C\u00e9sar Ramos es uno de los \u00e1rbitros mejor evaluados dentro de la Liga MX, al punto de contar con gafete internacional, pitar encuentros de la&nbsp;<strong>Copa del Mundo<\/strong>&nbsp;e incluso ser silbante en la Liga \u00c1rabe, como \u00e1rbitro invitado.&nbsp;<\/p>\n","protected":false},"excerpt":{"rendered":"<p>El \u00e1rbitro mexicano, C\u00e9sar Ramos habr\u00eda sido &#8216;congelado&#8216;, debido a que&nbsp;no tendr\u00e1 actividad&nbsp;como silbante en ning\u00fan partido correspondiente a la jornada 6 de la Liga MX, torneo Clausura 2024. Ramos no apareci\u00f3 la lista de designaciones arbitrales para la\u00a0jornada 6,\u00a0que inici\u00f3 el viernes con el encuentro entre Mazatl\u00e1n FC ante los Rojinegros del Atlas. Dicha [&hellip;]<\/p>\n","protected":false},"author":8,"featured_media":86135,"comment_status":"open","ping_status":"open","sticky":false,"template":"","format":"standard","meta":{"_monsterinsights_skip_tracking":false,"_monsterinsights_sitenote_active":false,"_monsterinsights_sitenote_note":"","_monsterinsights_sitenote_category":0,"footnotes":""},"categories":[159],"tags":[21665,917],"class_list":["post-138902","post","type-post","status-publish","format-standard","has-post-thumbnail","hentry","category-deportes","tag-cesar-ramos","tag-liga-mx","wp-image-borders"],"amp_enabled":true,"_links":{"self":[{"href":"https:\/\/nvnoticias.mx\/index.php\/wp-json\/wp\/v2\/posts\/138902","targetHints":{"allow":["GET"]}}],"collection":[{"href":"https:\/\/nvnoticias.mx\/index.php\/wp-json\/wp\/v2\/posts"}],"about":[{"href":"https:\/\/nvnoticias.mx\/index.php\/wp-json\/wp\/v2\/types\/post"}],"author":[{"embeddable":true,"href":"https:\/\/nvnoticias.mx\/index.php\/wp-json\/wp\/v2\/users\/8"}],"replies":[{"embeddable":true,"href":"https:\/\/nvnoticias.mx\/index.php\/wp-json\/wp\/v2\/comments?post=138902"}],"version-history":[{"count":1,"href":"https:\/\/nvnoticias.mx\/index.php\/wp-json\/wp\/v2\/posts\/138902\/revisions"}],"predecessor-version":[{"id":138903,"href":"https:\/\/nvnoticias.mx\/index.php\/wp-json\/wp\/v2\/posts\/138902\/revisions\/138903"}],"wp:featuredmedia":[{"embeddable":true,"href":"https:\/\/nvnoticias.mx\/index.php\/wp-json\/wp\/v2\/media\/86135"}],"wp:attachment":[{"href":"https:\/\/nvnoticias.mx\/index.php\/wp-json\/wp\/v2\/media?parent=138902"}],"wp:term":[{"taxonomy":"category","embeddable":true,"href":"https:\/\/nvnoticias.mx\/index.php\/wp-json\/wp\/v2\/categories?post=138902"},{"taxonomy":"post_tag","embeddable":true,"href":"https:\/\/nvnoticias.mx\/index.php\/wp-json\/wp\/v2\/tags?post=138902"}],"curies":[{"name":"wp","href":"https:\/\/api.w.org\/{rel}","templated":true}]}}