{"id":138814,"date":"2024-02-09T12:24:15","date_gmt":"2024-02-09T18:24:15","guid":{"rendered":"https:\/\/nvnoticias.mx\/?p=138814"},"modified":"2024-02-09T12:24:16","modified_gmt":"2024-02-09T18:24:16","slug":"se-regularizo-el-despacho-de-mercancia-por-la-aduana-de-veracruz","status":"publish","type":"post","link":"https:\/\/nvnoticias.mx\/index.php\/2024\/02\/09\/se-regularizo-el-despacho-de-mercancia-por-la-aduana-de-veracruz\/","title":{"rendered":"Se regulariz\u00f3 el despacho de mercanc\u00eda por la Aduana de Veracruz"},"content":{"rendered":"\n<p><strong>Jes\u00fas Utrilla \/ NV Noticias<\/strong><\/p>\n\n\n\n<p>Por la tarde del jueves se regulariz\u00f3 el despacho de mercanc\u00eda por la Aduana de Veracruz, sin embargo, durante las primeras horas del viernes se tuvo fallas intermitentes con los pagos y sistemas bancarios, pero la afectaci\u00f3n es menor, se\u00f1al\u00f3 Marco Ant\u00f3nio Sansores Ram\u00edrez, presidente de la Asociaci\u00f3n de Agentes Aduanales del Puerto de Veracruz (AAAVER).<\/p>\n\n\n\n<p>Comenz\u00f3 a regularizarse el flujo de mercanc\u00edas, pero estim\u00f3 que durante cuatro o cinco d\u00edas m\u00e1s habr\u00e1 congestionamiento, aunque no de la magnitud de las fronteras terrestres.<\/p>\n\n\n\n<blockquote class=\"wp-block-quote is-layout-flow wp-block-quote-is-layout-flow\"><p>\u201c<em>Los procesos industriales en M\u00e9xico est\u00e1n muy sincronizados con la operaci\u00f3n log\u00edstica y una demora de 48 horas genera p\u00e9rdidas significativas. Las terminales no pudieron desalojar las mercanc\u00edas en estos d\u00edas y cuando comiencen a recibir carga nueva o buques nuevos la distribuci\u00f3n en las terminales se ver\u00e1 en pr\u00f3ximos d\u00edas. No es una afectaci\u00f3n solamente del d\u00eda en que se detiene el movimiento, sino que yo estimo que el mi\u00e9rcoles o jueves de la pr\u00f3xima semana se recuperar\u00e1 la operaci\u00f3n normal del puerto<\/em>\u201d.<\/p><\/blockquote>\n\n\n\n<p>La operaci\u00f3n de descarga de barcos con contenedores no se vio afectada pero s\u00ed de los que operan graneles o chatarra porque no pudieron desalojar y no se permiti\u00f3 el acceso a unidades vac\u00edas. Un barco detenido var\u00eda pero se estima entre 8 mil y 15 mil d\u00f3lares.&nbsp;<\/p>\n\n\n\n<p>En en Estado de Veracruz se vieron afectadas 6 aduanas y 50 a nivel nacional, algunas se recuperar\u00e1n m\u00e1s r\u00e1pido debendiendo de la capacidad de volumen de operaci\u00f3n.<\/p>\n\n\n\n<blockquote class=\"wp-block-quote is-layout-flow wp-block-quote-is-layout-flow\"><p>\u201c<em>Nosotros tenemos un promedio de 3 mil 500 operaciones diarias y hay aduanas con m\u00e1s o con operaciones m\u00e1s reducidas y todos nos vemos afectados por esta situaci\u00f3n<\/em>\u201d.\u00a0<\/p><\/blockquote>\n\n\n\n<p>Algunas mercanc\u00edas tienen permisos y en algunos casos vencieron entre mi\u00e9rcoles y jueves y dif\u00edcilmente podr\u00e1n salir hasta que tramiten nuevas autorizaciones, mismas que llegan a tardar hasta 20 o 30 d\u00edas en concretarse. Cabe mencionar que al menos mil 600 tr\u00e1ilers no pudieron ingresar al Puerto de Veracruz.&nbsp;<\/p>\n\n\n\n<p>Cabe mencionar que de acuerdo a la Agencia Nacional de Aduanas de M\u00e9xico, fueron fallas que se presentaron a nivel nacional en el aplicativo del Modelo de Administraci\u00f3n Tributaria de Comercio Exterior.<\/p>\n\n\n\n<p>Pidi\u00f3 la comprensi\u00f3n de los inconvenientes que eso&nbsp;representa a la Comunidad Portuaria con retrasos en el despacho aduanero.<\/p>\n","protected":false},"excerpt":{"rendered":"<p>Jes\u00fas Utrilla \/ NV Noticias Por la tarde del jueves se regulariz\u00f3 el despacho de mercanc\u00eda por la Aduana de Veracruz, sin embargo, durante las primeras horas del viernes se tuvo fallas intermitentes con los pagos y sistemas bancarios, pero la afectaci\u00f3n es menor, se\u00f1al\u00f3 Marco Ant\u00f3nio Sansores Ram\u00edrez, presidente de la Asociaci\u00f3n de Agentes [&hellip;]<\/p>\n","protected":false},"author":8,"featured_media":138819,"comment_status":"open","ping_status":"open","sticky":false,"template":"","format":"standard","meta":{"_monsterinsights_skip_tracking":false,"_monsterinsights_sitenote_active":false,"_monsterinsights_sitenote_note":"","_monsterinsights_sitenote_category":0,"footnotes":""},"categories":[154],"tags":[20148],"class_list":["post-138814","post","type-post","status-publish","format-standard","has-post-thumbnail","hentry","category-veracruz","tag-aduana-del-puerto-de-veracruz","wp-image-borders"],"amp_enabled":true,"_links":{"self":[{"href":"https:\/\/nvnoticias.mx\/index.php\/wp-json\/wp\/v2\/posts\/138814","targetHints":{"allow":["GET"]}}],"collection":[{"href":"https:\/\/nvnoticias.mx\/index.php\/wp-json\/wp\/v2\/posts"}],"about":[{"href":"https:\/\/nvnoticias.mx\/index.php\/wp-json\/wp\/v2\/types\/post"}],"author":[{"embeddable":true,"href":"https:\/\/nvnoticias.mx\/index.php\/wp-json\/wp\/v2\/users\/8"}],"replies":[{"embeddable":true,"href":"https:\/\/nvnoticias.mx\/index.php\/wp-json\/wp\/v2\/comments?post=138814"}],"version-history":[{"count":1,"href":"https:\/\/nvnoticias.mx\/index.php\/wp-json\/wp\/v2\/posts\/138814\/revisions"}],"predecessor-version":[{"id":138820,"href":"https:\/\/nvnoticias.mx\/index.php\/wp-json\/wp\/v2\/posts\/138814\/revisions\/138820"}],"wp:featuredmedia":[{"embeddable":true,"href":"https:\/\/nvnoticias.mx\/index.php\/wp-json\/wp\/v2\/media\/138819"}],"wp:attachment":[{"href":"https:\/\/nvnoticias.mx\/index.php\/wp-json\/wp\/v2\/media?parent=138814"}],"wp:term":[{"taxonomy":"category","embeddable":true,"href":"https:\/\/nvnoticias.mx\/index.php\/wp-json\/wp\/v2\/categories?post=138814"},{"taxonomy":"post_tag","embeddable":true,"href":"https:\/\/nvnoticias.mx\/index.php\/wp-json\/wp\/v2\/tags?post=138814"}],"curies":[{"name":"wp","href":"https:\/\/api.w.org\/{rel}","templated":true}]}}