{"id":138761,"date":"2024-02-08T19:06:15","date_gmt":"2024-02-09T01:06:15","guid":{"rendered":"https:\/\/nvnoticias.mx\/?p=138761"},"modified":"2024-02-08T19:06:16","modified_gmt":"2024-02-09T01:06:16","slug":"exigen-destitucion-de-director-juridico-de-policia-municipal-de-poza-rica-veracruz","status":"publish","type":"post","link":"https:\/\/nvnoticias.mx\/index.php\/2024\/02\/08\/exigen-destitucion-de-director-juridico-de-policia-municipal-de-poza-rica-veracruz\/","title":{"rendered":"Exigen destituci\u00f3n de director jur\u00eddico de Polic\u00eda Municipal de Poza Rica, Veracruz"},"content":{"rendered":"\n<p>En Poza Rica la edil comisionada en polic\u00eda, Marisol Hern\u00e1ndez Moreno, y la s\u00edndica, Lizeth Guerra M\u00e9ndez, expusieron presuntos abusos de la Polic\u00eda Municipal y exigieron a la Contralor\u00eda Municipal iniciar una investigaci\u00f3n para destituir al director jur\u00eddico de la corporaci\u00f3n, Quirino Camacho Perales.<\/p>\n\n\n\n<p>En la m\u00e1s reciente sesi\u00f3n de Cabildo en Poza Rica las ediles expusieron y reconocieron las anomal\u00edas de la polic\u00eda municipal que atentan contra la ciudadan\u00eda.<\/p>\n\n\n\n<blockquote class=\"wp-block-quote is-layout-flow wp-block-quote-is-layout-flow\"><p>\u201c<em>No se puede tapar el sol con un dedo, no hablo de una queja, ni de cinco, ni de diez compa\u00f1eros\u00a0y no solo me han llegado a m\u00ed, ustedes tienen m\u00e1s<\/em>\u201d, expres\u00f3 la regidora comisionada en polic\u00eda, Marisol Hern\u00e1ndez Moreno.<\/p><\/blockquote>\n\n\n\n<p>Los presuntos abusos han sido en agravio de personas que han sido detenidas por la polic\u00eda municipal, algunas se\u00f1alaron sin justificaci\u00f3n.<\/p>\n","protected":false},"excerpt":{"rendered":"<p>En Poza Rica la edil comisionada en polic\u00eda, Marisol Hern\u00e1ndez Moreno, y la s\u00edndica, Lizeth Guerra M\u00e9ndez, expusieron presuntos abusos de la Polic\u00eda Municipal y exigieron a la Contralor\u00eda Municipal iniciar una investigaci\u00f3n para destituir al director jur\u00eddico de la corporaci\u00f3n, Quirino Camacho Perales. En la m\u00e1s reciente sesi\u00f3n de Cabildo en Poza Rica las [&hellip;]<\/p>\n","protected":false},"author":8,"featured_media":87099,"comment_status":"open","ping_status":"open","sticky":false,"template":"","format":"standard","meta":{"_monsterinsights_skip_tracking":false,"_monsterinsights_sitenote_active":false,"_monsterinsights_sitenote_note":"","_monsterinsights_sitenote_category":0,"footnotes":""},"categories":[156],"tags":[29317,1552,2419],"class_list":["post-138761","post","type-post","status-publish","format-standard","has-post-thumbnail","hentry","category-estado","tag-director-juridico","tag-policia-municipal","tag-poza-rica","wp-image-borders"],"amp_enabled":true,"_links":{"self":[{"href":"https:\/\/nvnoticias.mx\/index.php\/wp-json\/wp\/v2\/posts\/138761","targetHints":{"allow":["GET"]}}],"collection":[{"href":"https:\/\/nvnoticias.mx\/index.php\/wp-json\/wp\/v2\/posts"}],"about":[{"href":"https:\/\/nvnoticias.mx\/index.php\/wp-json\/wp\/v2\/types\/post"}],"author":[{"embeddable":true,"href":"https:\/\/nvnoticias.mx\/index.php\/wp-json\/wp\/v2\/users\/8"}],"replies":[{"embeddable":true,"href":"https:\/\/nvnoticias.mx\/index.php\/wp-json\/wp\/v2\/comments?post=138761"}],"version-history":[{"count":1,"href":"https:\/\/nvnoticias.mx\/index.php\/wp-json\/wp\/v2\/posts\/138761\/revisions"}],"predecessor-version":[{"id":138762,"href":"https:\/\/nvnoticias.mx\/index.php\/wp-json\/wp\/v2\/posts\/138761\/revisions\/138762"}],"wp:featuredmedia":[{"embeddable":true,"href":"https:\/\/nvnoticias.mx\/index.php\/wp-json\/wp\/v2\/media\/87099"}],"wp:attachment":[{"href":"https:\/\/nvnoticias.mx\/index.php\/wp-json\/wp\/v2\/media?parent=138761"}],"wp:term":[{"taxonomy":"category","embeddable":true,"href":"https:\/\/nvnoticias.mx\/index.php\/wp-json\/wp\/v2\/categories?post=138761"},{"taxonomy":"post_tag","embeddable":true,"href":"https:\/\/nvnoticias.mx\/index.php\/wp-json\/wp\/v2\/tags?post=138761"}],"curies":[{"name":"wp","href":"https:\/\/api.w.org\/{rel}","templated":true}]}}