{"id":138751,"date":"2024-02-08T18:47:19","date_gmt":"2024-02-09T00:47:19","guid":{"rendered":"https:\/\/nvnoticias.mx\/?p=138751"},"modified":"2024-02-08T18:47:20","modified_gmt":"2024-02-09T00:47:20","slug":"presentan-las-medallas-de-los-juegos-olimpicos-paris-2024","status":"publish","type":"post","link":"https:\/\/nvnoticias.mx\/index.php\/2024\/02\/08\/presentan-las-medallas-de-los-juegos-olimpicos-paris-2024\/","title":{"rendered":"Presentan las medallas de los Juegos Ol\u00edmpicos Par\u00eds 2024"},"content":{"rendered":"\n<p>Las medallas de los Juegos Ol\u00edmpicos y Paral\u00edmpicos de Par\u00eds 2024 llevar\u00e1n un fragmento de 18 gramos de la Torre Eiffel original de 1889, seg\u00fan anunciaron este jueves los organizadores.<\/p>\n\n\n\n<blockquote class=\"wp-block-quote is-layout-flow wp-block-quote-is-layout-flow\"><p>&#8220;<em>Ten\u00edamos que buscar un s\u00edmbolo del pa\u00eds y de la capital, la Torre Eiffel. No nos pod\u00edamos conformar solo con dibujarla en la medalla, hab\u00eda que buscar el v\u00ednculo<\/em>&#8220;, asegur\u00f3 el presidente del Comit\u00e9 Organizador, el expirag\u00fcista Tony Estanguet, el \u00fanico franc\u00e9s que ha ganado tres oros en tres Juegos diferentes.<\/p><\/blockquote>\n\n\n\n<p>Cada una de las m\u00e1s de 5.000 preseas que ser\u00e1n distribuidas durante los Juegos que comienzan el pr\u00f3ximo 26 de julio llevar\u00e1 incrustado el fragmento del monumento m\u00e1s visitado de la ciudad y uno de los s\u00edmbolos del pa\u00eds.<\/p>\n\n\n\n<blockquote class=\"wp-block-quote is-layout-flow wp-block-quote-is-layout-flow\"><p>&#8220;<em>El metal m\u00e1s buscado de los Juegos, el oro, la plata y el bronce, unidos al metal m\u00e1s preciso del pa\u00eds, del s\u00edmbolo nacional. Es un encuentro entre ambas cosas<\/em>&#8220;, agreg\u00f3.<\/p><\/blockquote>\n\n\n\n<p>Estanguet asegur\u00f3 que buscaban &#8220;algo que simbolizara el esfuerzo de los atletas, pero tambi\u00e9n que fuera una joya&#8221;, por lo que trabajaron con Chaumet, uno de los joyeros m\u00e1s afamados del mundo, situado en la lujosa plaza Vend\u00f4me.<\/p>\n\n\n\n<blockquote class=\"wp-block-quote is-layout-flow wp-block-quote-is-layout-flow\"><p>&#8220;<em>Cada edici\u00f3n est\u00e1 representada por sus medallas y era importante para que la nuestra fuera lo m\u00e1s bella posible, que muestre lo mejor de Francia y que lleve un mensaje fuert<\/em>e&#8221;, asegur\u00f3 Estanguet, quien se\u00f1al\u00f3 que se basaron tambi\u00e9n en las medallas de los Juegos de 1900 y 1924, ambos tambi\u00e9n en Par\u00eds.<\/p><\/blockquote>\n\n\n\n<p>En la concepci\u00f3n tambi\u00e9n participaron los atletas a trav\u00e9s de la comisi\u00f3n que dirige el exmedallista ol\u00edmpico Martin Fourcade, el franc\u00e9s con m\u00e1s preseas en su palmar\u00e9s, quien asegur\u00f3 que &#8220;nada hay m\u00e1s simb\u00f3lico que llevarse un pedazo del patrimonio franc\u00e9s&#8221;.<\/p>\n\n\n\n<p>El dise\u00f1o del oro representa un sol, que pretende marcar el brillo del pa\u00eds, en cuyo centro se sit\u00faa el fragmento hexagonal -gui\u00f1o a la forma que tiene el mapa de Francia- de la Torre Eiffel, encontrado en el archivo de los talleres del constructor de la &#8220;dama de hierro&#8221;.<\/p>\n\n\n\n<p>En la otra cara, el Comit\u00e9 Ol\u00edmpico Internacional (COI) impone que figure la diosa Atenea saliendo del estadio panatinaiko de la capital griega, como v\u00ednculo de uni\u00f3n con los Juegos antiguos.<\/p>\n\n\n\n<p>Pero Par\u00eds ha recibido el permiso de incluir tambi\u00e9n en esa cara un dibujo de la Torre Eiffel, en homenaje al bar\u00f3n Pierre de Courbertin, padre de los Juegos Ol\u00edmpicos modernos.<\/p>\n\n\n\n<p>En el caso de los Juegos Paral\u00edmpicos, que tambi\u00e9n levar\u00e1n un fragmento de la Torre Eiffel, la vista del monumento es desde la parte baja y las inscripciones est\u00e1n en braille, lenguaje para ciegos creado por el franc\u00e9s Louis Braille en 1825.<\/p>\n\n\n\n<p>La atleta paral\u00edmpica Beatriz Hass, que con 20 medallas es la francesa que m\u00e1s preseas ha conquistado, destac\u00f3 la importancia de que la medalla haya sido &#8220;tratada como una joya&#8221;.<\/p>\n\n\n\n<blockquote class=\"wp-block-quote is-layout-flow wp-block-quote-is-layout-flow\"><p>&#8220;<em>Es la primera vez que un joyero dise\u00f1a las medallas de unos Juegos, es todo un s\u00edmbol<\/em>o&#8221;, consider\u00f3 Antoine Arnault, heredero del grupo de marcas de lujo LVMH, propietario de Chaumet.<\/p><\/blockquote>\n\n\n\n<p>Con esta iniciativa, Par\u00eds 2024 &#8220;prosigue su ambici\u00f3n&#8221; de crear &#8220;unos Juegos que dejen huella&#8221;, estim\u00f3 Estanguet, en el origen de ideas como llevar la ceremonia inaugural a las aguas del Sena o ciertos deportes a monumentos de la capital, como la propia Torre Eiffel, el Gran Palais o la plaza de la Concordia.<\/p>\n","protected":false},"excerpt":{"rendered":"<p>Las medallas de los Juegos Ol\u00edmpicos y Paral\u00edmpicos de Par\u00eds 2024 llevar\u00e1n un fragmento de 18 gramos de la Torre Eiffel original de 1889, seg\u00fan anunciaron este jueves los organizadores. &#8220;Ten\u00edamos que buscar un s\u00edmbolo del pa\u00eds y de la capital, la Torre Eiffel. No nos pod\u00edamos conformar solo con dibujarla en la medalla, hab\u00eda [&hellip;]<\/p>\n","protected":false},"author":8,"featured_media":138752,"comment_status":"open","ping_status":"open","sticky":false,"template":"","format":"standard","meta":{"_monsterinsights_skip_tracking":false,"_monsterinsights_sitenote_active":false,"_monsterinsights_sitenote_note":"","_monsterinsights_sitenote_category":0,"footnotes":""},"categories":[159],"tags":[261,6483,29316],"class_list":["post-138751","post","type-post","status-publish","format-standard","has-post-thumbnail","hentry","category-deportes","tag-juegos-olimpicos","tag-medallas","tag-paris-2024-2","wp-image-borders"],"amp_enabled":true,"_links":{"self":[{"href":"https:\/\/nvnoticias.mx\/index.php\/wp-json\/wp\/v2\/posts\/138751","targetHints":{"allow":["GET"]}}],"collection":[{"href":"https:\/\/nvnoticias.mx\/index.php\/wp-json\/wp\/v2\/posts"}],"about":[{"href":"https:\/\/nvnoticias.mx\/index.php\/wp-json\/wp\/v2\/types\/post"}],"author":[{"embeddable":true,"href":"https:\/\/nvnoticias.mx\/index.php\/wp-json\/wp\/v2\/users\/8"}],"replies":[{"embeddable":true,"href":"https:\/\/nvnoticias.mx\/index.php\/wp-json\/wp\/v2\/comments?post=138751"}],"version-history":[{"count":1,"href":"https:\/\/nvnoticias.mx\/index.php\/wp-json\/wp\/v2\/posts\/138751\/revisions"}],"predecessor-version":[{"id":138753,"href":"https:\/\/nvnoticias.mx\/index.php\/wp-json\/wp\/v2\/posts\/138751\/revisions\/138753"}],"wp:featuredmedia":[{"embeddable":true,"href":"https:\/\/nvnoticias.mx\/index.php\/wp-json\/wp\/v2\/media\/138752"}],"wp:attachment":[{"href":"https:\/\/nvnoticias.mx\/index.php\/wp-json\/wp\/v2\/media?parent=138751"}],"wp:term":[{"taxonomy":"category","embeddable":true,"href":"https:\/\/nvnoticias.mx\/index.php\/wp-json\/wp\/v2\/categories?post=138751"},{"taxonomy":"post_tag","embeddable":true,"href":"https:\/\/nvnoticias.mx\/index.php\/wp-json\/wp\/v2\/tags?post=138751"}],"curies":[{"name":"wp","href":"https:\/\/api.w.org\/{rel}","templated":true}]}}