{"id":138702,"date":"2024-02-08T13:55:40","date_gmt":"2024-02-08T19:55:40","guid":{"rendered":"https:\/\/nvnoticias.mx\/?p=138702"},"modified":"2024-02-08T13:55:41","modified_gmt":"2024-02-08T19:55:41","slug":"perdidas-cuantiosas-por-fallas-en-la-aduana-de-veracruz-y-otras-a-nivel-nacional","status":"publish","type":"post","link":"https:\/\/nvnoticias.mx\/index.php\/2024\/02\/08\/perdidas-cuantiosas-por-fallas-en-la-aduana-de-veracruz-y-otras-a-nivel-nacional\/","title":{"rendered":"P\u00e9rdidas cuantiosas por fallas en la aduana de Veracruz y otras a nivel nacional"},"content":{"rendered":"\n<p><strong>Jes\u00fas Utrilla \/ NV Noticias<\/strong><\/p>\n\n\n\n<p>Las fallas en la Aduana de Veracruz y otras en el pa\u00eds causaron pierdas millonarias, admiti\u00f3 el presidente de la Asociaci\u00f3n de Agentes Aduanales del Puerto de Veracruz, Marco Ant\u00f3nio Sansores Ram\u00edrez<\/p>\n\n\n\n<p>Y es que se presentaron fallas a nivel nacional en el aplicativo Modelo de Administraci\u00f3n Tributaria de Comercio Exterior (MATCE) al estar trabajando con lentitud.<\/p>\n\n\n\n<p>Explic\u00f3 que un solo contenedor sin despachar representa una p\u00e9rdida diaria de entre 4 y 5 mil pesos. Considerando que se despachan alrededor de 3 mil contenedores diarios, estas cifras crecen. <\/p>\n\n\n\n<p>Adem\u00e1s, se suman los costos de mantener las unidades de transporte paradas, el personal inactivo y las p\u00e9rdidas adicionales por el retraso en la recepci\u00f3n de la mercanc\u00eda.<\/p>\n\n\n\n<p>El presidente de la Asociaci\u00f3n de Agentes Aduanales en Veracruz subray\u00f3 que, si bien la centralizaci\u00f3n de los sistemas aduaneros tiene aspectos positivos, como la simplificaci\u00f3n de tr\u00e1mites, tambi\u00e9n conlleva riesgos y complicaciones que pueden afectar gravemente la actividad comercial en todo el territorio nacional.<\/p>\n\n\n\n<blockquote class=\"wp-block-quote is-layout-flow wp-block-quote-is-layout-flow\"><p>\u201c<em>Desafortunadamente la centralizaci\u00f3n de los sistemas tiene cosas buenas, pero otras no tanto y M\u00e9xico se cerr\u00f3 comercialmente, por decirlo de una forma, a la importaci\u00f3n y exportaci\u00f3n de mercanc\u00edas. Hay empresas que trabajan con sus log\u00edsticas muy ajustadas a los tiempos de despacho y les afecta\u201d<\/em>.<\/p><\/blockquote>\n\n\n\n<p>La actividad en la aduana de Veracruz se vio paralizada por completo durante el mi\u00e9rcoles y continu\u00f3 de manera intermitente y escalonada el jueves.<\/p>\n\n\n\n<p>Aunque algunos reportes indicaron que se logr\u00f3 despachar una peque\u00f1a cantidad de mercanc\u00eda, el impacto econ\u00f3mico es nacional.<\/p>\n\n\n\n<p>En un intento por descongestionar las terminales, se determin\u00f3 en Veracruz que no se cargar\u00e1n m\u00e1s unidades hasta que se logre liberar la mercanc\u00eda que actualmente est\u00e1 detenida en las filas. <\/p>\n\n\n\n<p>Consider\u00f3 necesario prevenir las fallas para evitar mayores p\u00e9rdidas econ\u00f3micas y garantizar el flujo fluido de mercanc\u00edas en las aduanas mexicanas.<\/p>\n","protected":false},"excerpt":{"rendered":"<p>Jes\u00fas Utrilla \/ NV Noticias Las fallas en la Aduana de Veracruz y otras en el pa\u00eds causaron pierdas millonarias, admiti\u00f3 el presidente de la Asociaci\u00f3n de Agentes Aduanales del Puerto de Veracruz, Marco Ant\u00f3nio Sansores Ram\u00edrez Y es que se presentaron fallas a nivel nacional en el aplicativo Modelo de Administraci\u00f3n Tributaria de Comercio [&hellip;]<\/p>\n","protected":false},"author":8,"featured_media":138703,"comment_status":"open","ping_status":"open","sticky":false,"template":"","format":"standard","meta":{"_monsterinsights_skip_tracking":false,"_monsterinsights_sitenote_active":false,"_monsterinsights_sitenote_note":"","_monsterinsights_sitenote_category":0,"footnotes":""},"categories":[154],"tags":[20148,672],"class_list":["post-138702","post","type-post","status-publish","format-standard","has-post-thumbnail","hentry","category-veracruz","tag-aduana-del-puerto-de-veracruz","tag-fallas","wp-image-borders"],"amp_enabled":true,"_links":{"self":[{"href":"https:\/\/nvnoticias.mx\/index.php\/wp-json\/wp\/v2\/posts\/138702","targetHints":{"allow":["GET"]}}],"collection":[{"href":"https:\/\/nvnoticias.mx\/index.php\/wp-json\/wp\/v2\/posts"}],"about":[{"href":"https:\/\/nvnoticias.mx\/index.php\/wp-json\/wp\/v2\/types\/post"}],"author":[{"embeddable":true,"href":"https:\/\/nvnoticias.mx\/index.php\/wp-json\/wp\/v2\/users\/8"}],"replies":[{"embeddable":true,"href":"https:\/\/nvnoticias.mx\/index.php\/wp-json\/wp\/v2\/comments?post=138702"}],"version-history":[{"count":1,"href":"https:\/\/nvnoticias.mx\/index.php\/wp-json\/wp\/v2\/posts\/138702\/revisions"}],"predecessor-version":[{"id":138704,"href":"https:\/\/nvnoticias.mx\/index.php\/wp-json\/wp\/v2\/posts\/138702\/revisions\/138704"}],"wp:featuredmedia":[{"embeddable":true,"href":"https:\/\/nvnoticias.mx\/index.php\/wp-json\/wp\/v2\/media\/138703"}],"wp:attachment":[{"href":"https:\/\/nvnoticias.mx\/index.php\/wp-json\/wp\/v2\/media?parent=138702"}],"wp:term":[{"taxonomy":"category","embeddable":true,"href":"https:\/\/nvnoticias.mx\/index.php\/wp-json\/wp\/v2\/categories?post=138702"},{"taxonomy":"post_tag","embeddable":true,"href":"https:\/\/nvnoticias.mx\/index.php\/wp-json\/wp\/v2\/tags?post=138702"}],"curies":[{"name":"wp","href":"https:\/\/api.w.org\/{rel}","templated":true}]}}