{"id":138672,"date":"2024-02-08T10:47:48","date_gmt":"2024-02-08T16:47:48","guid":{"rendered":"https:\/\/nvnoticias.mx\/?p=138672"},"modified":"2024-02-08T10:47:50","modified_gmt":"2024-02-08T16:47:50","slug":"me-dejo-de-llamar-andres-manuel-si-no-es-verdad-que-la-gente-esta-muy-contenta-con-la-4t-amlo","status":"publish","type":"post","link":"https:\/\/nvnoticias.mx\/index.php\/2024\/02\/08\/me-dejo-de-llamar-andres-manuel-si-no-es-verdad-que-la-gente-esta-muy-contenta-con-la-4t-amlo\/","title":{"rendered":"Me dejo de llamar Andr\u00e9s Manuel si no es verdad que la gente est\u00e1 muy contenta con la 4T: AMLO"},"content":{"rendered":"\n<p>El&nbsp;<strong>presidente Andr\u00e9s Manuel L\u00f3pez Obrador<\/strong>&nbsp;dijo&nbsp;<strong>\u201cme dejo de llamar Andr\u00e9s Manuel<\/strong>\u201d si no es verdad que la&nbsp;<strong>poblaci\u00f3n mexicana<\/strong>&nbsp;est\u00e1 muy contenta en todos lados del pa\u00eds con su gobierno.<\/p>\n\n\n\n<blockquote class=\"wp-block-quote is-layout-flow wp-block-quote-is-layout-flow\"><p>\u201cLa gente est\u00e1 muy contenta en todos lados, en todos lados. Me dejo de llamar Andr\u00e9s Manuel si no es as\u00ed\u201d, dijo en conferencia de prensa.<\/p><\/blockquote>\n\n\n\n<p>El jefe del Ejecutivo federal fue cuestionado sobre la inconformidad de la construcci\u00f3n de v\u00edas del&nbsp;<strong>ferrocarril&nbsp;<\/strong>en el&nbsp;<strong>tramo Nogales-\u00cdmuris<\/strong>, donde advierten un atentado contra el medio ambiente.<\/p>\n\n\n\n<p><\/p>\n\n\n\n<blockquote class=\"wp-block-quote is-layout-flow wp-block-quote-is-layout-flow\"><p>\u201cDurante a\u00f1os, d\u00e9cadas, el tren ha partido en dos la ciudad de Nogales y siempre la demanda de la gente ha sido que se desv\u00ede la llegada del ferrocarril y yo hice ese compromiso en campa\u00f1a y ahora lo estamos cumpliendo. Entonces se est\u00e1 haciendo un libramiento para que no pase como sucede en otras ciudades que quedaron atrapadas porque creci\u00f3 mucha la poblaci\u00f3n y pasa todav\u00eda en medio del ferrocarril de carga.<\/p><\/blockquote>\n\n\n\n<blockquote class=\"wp-block-quote is-layout-flow wp-block-quote-is-layout-flow\"><p>\u201cEntonces estamos haciendo un libramiento y lo estamos haciendo con los ingenieros miliares porque necesitamos terminarlo a tiempo y bien y se est\u00e1 hablando con la gente y se est\u00e1 buscando no afectar a nadie. Es una obra de ben\u00e9fico, no es para perjudicar a nadie.<\/p><\/blockquote>\n\n\n\n<p>El presidente L\u00f3pez Obrador afirm\u00f3 que se cuenta con todos los requerimientos ambientales para la obra \u201cy \u201chay todo\u201d.<\/p>\n\n\n\n<blockquote class=\"wp-block-quote is-layout-flow wp-block-quote-is-layout-flow\"><p>\u201cY desde luego hay quienes no quieren, como todo\u201d, reconoci\u00f3.<\/p><\/blockquote>\n\n\n\n<p>En Palacio Nacional, el Mandatario federal se\u00f1al\u00f3 que su gobern\u00f3 compra los terrenos que se necesitan para llevar a cabo la obra a partir de un avalu\u00f3 \u201cque se hace de conformidad a la ley\u201d.<\/p>\n\n\n\n<blockquote class=\"wp-block-quote is-layout-flow wp-block-quote-is-layout-flow\"><p>\u201cEl avalu\u00f3 es el que decide y ning\u00fan t\u00e9cnico evaluador puede buscar perjudicar a la gente para que el gobierno se beneficie con uno, dos tres pesos, cinco pesos, 10 pesos, 100 pesos por metro cuadrado. No es as\u00ed. Hay veces que se malinterpretan las cosas o no hay la informaci\u00f3n suficiente\u201d, dijo.<\/p><\/blockquote>\n\n\n\n<p>Fuente: <em><a href=\"https:\/\/www.eluniversal.com.mx\/nacion\/me-dejo-de-llamar-andres-manuel-si-no-es-verdad-que-la-gente-esta-muy-contenta-con-la-4t-amlo\/\" data-type=\"URL\" data-id=\"https:\/\/www.eluniversal.com.mx\/nacion\/me-dejo-de-llamar-andres-manuel-si-no-es-verdad-que-la-gente-esta-muy-contenta-con-la-4t-amlo\/\">El Universal<\/a><\/em> <\/p>\n","protected":false},"excerpt":{"rendered":"<p>El&nbsp;presidente Andr\u00e9s Manuel L\u00f3pez Obrador&nbsp;dijo&nbsp;\u201cme dejo de llamar Andr\u00e9s Manuel\u201d si no es verdad que la&nbsp;poblaci\u00f3n mexicana&nbsp;est\u00e1 muy contenta en todos lados del pa\u00eds con su gobierno. \u201cLa gente est\u00e1 muy contenta en todos lados, en todos lados. Me dejo de llamar Andr\u00e9s Manuel si no es as\u00ed\u201d, dijo en conferencia de prensa. El jefe [&hellip;]<\/p>\n","protected":false},"author":35,"featured_media":76783,"comment_status":"open","ping_status":"open","sticky":false,"template":"","format":"standard","meta":{"_monsterinsights_skip_tracking":false,"_monsterinsights_sitenote_active":false,"_monsterinsights_sitenote_note":"","_monsterinsights_sitenote_category":0,"footnotes":""},"categories":[158],"tags":[1451,188],"class_list":["post-138672","post","type-post","status-publish","format-standard","has-post-thumbnail","hentry","category-politica","tag-4t","tag-amlo","wp-image-borders"],"amp_enabled":true,"_links":{"self":[{"href":"https:\/\/nvnoticias.mx\/index.php\/wp-json\/wp\/v2\/posts\/138672","targetHints":{"allow":["GET"]}}],"collection":[{"href":"https:\/\/nvnoticias.mx\/index.php\/wp-json\/wp\/v2\/posts"}],"about":[{"href":"https:\/\/nvnoticias.mx\/index.php\/wp-json\/wp\/v2\/types\/post"}],"author":[{"embeddable":true,"href":"https:\/\/nvnoticias.mx\/index.php\/wp-json\/wp\/v2\/users\/35"}],"replies":[{"embeddable":true,"href":"https:\/\/nvnoticias.mx\/index.php\/wp-json\/wp\/v2\/comments?post=138672"}],"version-history":[{"count":3,"href":"https:\/\/nvnoticias.mx\/index.php\/wp-json\/wp\/v2\/posts\/138672\/revisions"}],"predecessor-version":[{"id":138675,"href":"https:\/\/nvnoticias.mx\/index.php\/wp-json\/wp\/v2\/posts\/138672\/revisions\/138675"}],"wp:featuredmedia":[{"embeddable":true,"href":"https:\/\/nvnoticias.mx\/index.php\/wp-json\/wp\/v2\/media\/76783"}],"wp:attachment":[{"href":"https:\/\/nvnoticias.mx\/index.php\/wp-json\/wp\/v2\/media?parent=138672"}],"wp:term":[{"taxonomy":"category","embeddable":true,"href":"https:\/\/nvnoticias.mx\/index.php\/wp-json\/wp\/v2\/categories?post=138672"},{"taxonomy":"post_tag","embeddable":true,"href":"https:\/\/nvnoticias.mx\/index.php\/wp-json\/wp\/v2\/tags?post=138672"}],"curies":[{"name":"wp","href":"https:\/\/api.w.org\/{rel}","templated":true}]}}