{"id":138624,"date":"2024-02-08T10:03:19","date_gmt":"2024-02-08T16:03:19","guid":{"rendered":"https:\/\/nvnoticias.mx\/?p=138624"},"modified":"2024-02-08T10:03:20","modified_gmt":"2024-02-08T16:03:20","slug":"supervisa-alcalde-jm-unanue-trabajos-finales-de-la-avenida-juan-pablo-segundo","status":"publish","type":"post","link":"https:\/\/nvnoticias.mx\/index.php\/2024\/02\/08\/supervisa-alcalde-jm-unanue-trabajos-finales-de-la-avenida-juan-pablo-segundo\/","title":{"rendered":"Supervisa Alcalde JM Un\u00e1nue trabajos finales de la avenida Juan Pablo Segundo"},"content":{"rendered":"\n<p><strong>Jes\u00fas Utrilla | NV Noticias <\/strong><\/p>\n\n\n\n<p>El alcalde de Boca del R\u00edo, Juan Manuel Un\u00e1nue Abascal, supervis\u00f3 y recorri\u00f3 el avance de la rehabilitaci\u00f3n de la segunda y tercera etapa de la avenida Juan Pablo II, la cual beneficiar\u00e1 a habitantes de la zona y a miles de ciudadanos que diariamente la transitan.<\/p>\n\n\n\n<blockquote class=\"wp-block-quote is-layout-flow wp-block-quote-is-layout-flow\"><p>\u201cMe da gusto anunciarles que los carriles lado norte (Costa Verde a Espa\u00f1a) de la Avenida Juan Pablo II se abrir\u00e1n este fin de semana y que el gran avance que tenemos nos permitir\u00e1 terminar en 15 d\u00edas esta fase de la obra\u201d, inform\u00f3 el ejecutivo municipal.<\/p><\/blockquote>\n\n\n\n<p>Adem\u00e1s destac\u00f3 que no solo es un beneficio para los ciudadanos a pie y automovilistas, sino tambi\u00e9n para el desarrollo econ\u00f3mico de la ciudad al contar con una vialidad nueva y duradera.<\/p>\n\n\n\n<p>Por otra parte, Un\u00e1nue Abascal dio a conocer que en pr\u00f3ximos meses se iniciar\u00e1 con la obra de rehabilitaci\u00f3n de la cuarta y \u00faltima etapa, la cual se realizar\u00e1 en su totalidad con recursos municipales.<\/p>\n\n\n\n<p>Cabe recordar que en pasadas fechas se anunci\u00f3 la obra de la avenida 15 de la colonia Carranza Segunda Secci\u00f3n, la cual abarcar\u00e1 m\u00e1s de 8 mil metros cuadrados de construcci\u00f3n desde el Dren B hasta la calle 8.<\/p>\n\n\n\n<p>Al momento ya se cuenta con avances importantes en dos obras; la pavimentaci\u00f3n con concreto hidr\u00e1ulico en la calle Heriberto Jara en la colonia Primero de Mayo Sur y la avenida Independencia de la colonia R\u00edo Jamapa, obra solicitada por los vecinos y que tambi\u00e9n quedar\u00e1 pavimentada con concreto hidr\u00e1ulico, banquetas, guarniciones nuevas, adem\u00e1s de la rehabilitaci\u00f3n completa del servicio de drenaje sanitario y pluvial, sum\u00e1ndose la red de agua potable.<\/p>\n\n\n\n<p>Finalmente, Juan Manuel Un\u00e1nue Abascal, reiter\u00f3 que de manera personal recorre y supervisa las diferentes obras, pues es imperativo atestiguar que en Boca del R\u00edo se realizan acciones de calidad y de beneficio social.<\/p>\n","protected":false},"excerpt":{"rendered":"<p>Jes\u00fas Utrilla | NV Noticias El alcalde de Boca del R\u00edo, Juan Manuel Un\u00e1nue Abascal, supervis\u00f3 y recorri\u00f3 el avance de la rehabilitaci\u00f3n de la segunda y tercera etapa de la avenida Juan Pablo II, la cual beneficiar\u00e1 a habitantes de la zona y a miles de ciudadanos que diariamente la transitan. \u201cMe da gusto [&hellip;]<\/p>\n","protected":false},"author":35,"featured_media":138625,"comment_status":"open","ping_status":"open","sticky":false,"template":"","format":"standard","meta":{"_monsterinsights_skip_tracking":false,"_monsterinsights_sitenote_active":false,"_monsterinsights_sitenote_note":"","_monsterinsights_sitenote_category":0,"footnotes":""},"categories":[154],"tags":[559,3660,11906],"class_list":["post-138624","post","type-post","status-publish","format-standard","has-post-thumbnail","hentry","category-veracruz","tag-alcalde","tag-juan-manuel-de-unanue-abascal","tag-supervisa","wp-image-borders"],"amp_enabled":true,"_links":{"self":[{"href":"https:\/\/nvnoticias.mx\/index.php\/wp-json\/wp\/v2\/posts\/138624","targetHints":{"allow":["GET"]}}],"collection":[{"href":"https:\/\/nvnoticias.mx\/index.php\/wp-json\/wp\/v2\/posts"}],"about":[{"href":"https:\/\/nvnoticias.mx\/index.php\/wp-json\/wp\/v2\/types\/post"}],"author":[{"embeddable":true,"href":"https:\/\/nvnoticias.mx\/index.php\/wp-json\/wp\/v2\/users\/35"}],"replies":[{"embeddable":true,"href":"https:\/\/nvnoticias.mx\/index.php\/wp-json\/wp\/v2\/comments?post=138624"}],"version-history":[{"count":1,"href":"https:\/\/nvnoticias.mx\/index.php\/wp-json\/wp\/v2\/posts\/138624\/revisions"}],"predecessor-version":[{"id":138626,"href":"https:\/\/nvnoticias.mx\/index.php\/wp-json\/wp\/v2\/posts\/138624\/revisions\/138626"}],"wp:featuredmedia":[{"embeddable":true,"href":"https:\/\/nvnoticias.mx\/index.php\/wp-json\/wp\/v2\/media\/138625"}],"wp:attachment":[{"href":"https:\/\/nvnoticias.mx\/index.php\/wp-json\/wp\/v2\/media?parent=138624"}],"wp:term":[{"taxonomy":"category","embeddable":true,"href":"https:\/\/nvnoticias.mx\/index.php\/wp-json\/wp\/v2\/categories?post=138624"},{"taxonomy":"post_tag","embeddable":true,"href":"https:\/\/nvnoticias.mx\/index.php\/wp-json\/wp\/v2\/tags?post=138624"}],"curies":[{"name":"wp","href":"https:\/\/api.w.org\/{rel}","templated":true}]}}