{"id":138587,"date":"2024-02-07T18:19:09","date_gmt":"2024-02-08T00:19:09","guid":{"rendered":"https:\/\/nvnoticias.mx\/?p=138587"},"modified":"2024-02-07T18:24:13","modified_gmt":"2024-02-08T00:24:13","slug":"alfredo-gutierrez-el-mexicano-que-puede-ser-campeon-en-el-super-bowl-lviii","status":"publish","type":"post","link":"https:\/\/nvnoticias.mx\/index.php\/2024\/02\/07\/alfredo-gutierrez-el-mexicano-que-puede-ser-campeon-en-el-super-bowl-lviii\/","title":{"rendered":"Alfredo Guti\u00e9rrez, el mexicano que puede ser campe\u00f3n en el Super Bowl LVIII"},"content":{"rendered":"\n<p><strong>Alfredo Guti\u00e9rrez<\/strong>&nbsp;no esperaba tener un recibimiento tan c\u00e1lido en el estadio Allegiant, durante el tradicional D\u00eda de Medios previo al&nbsp;<a href=\"https:\/\/www.eluniversal.com.mx\/deportes\/las-curiosas-apuestas-alrededor-del-super-bowl-lviii\/\" target=\"_blank\" rel=\"noreferrer noopener\">Super Bowl LVIII<\/a>. Fue un jugador aplaudido por la afici\u00f3n de los&nbsp;<strong>49ers de San Francisco<\/strong>.<\/p>\n\n\n\n<p>Una sonrisa iluminaba el rostro del tackle ofensivo, quien el domingo podr\u00eda convertirse en el primer egresado de una universidad mexicana que es campe\u00f3n de la&nbsp;<strong>NFL<\/strong>.<\/p>\n\n\n\n<p>Pero no todo fue orgullo. Tambi\u00e9n habl\u00f3 sobre la generaci\u00f3n de talentos en&nbsp;<strong>M\u00e9xico<\/strong>.<\/p>\n\n\n\n<p>El atleta formado en el Tecnol\u00f3gico de Monterrey asegur\u00f3 que los mexicanos tienen la capacidad de trascender en la&nbsp;<strong>NFL<\/strong>; sin embargo, la mentalidad es una tarea pendiente que se debe trabajar en los potenciales prospectos.<\/p>\n\n\n\n<p>El nacido en&nbsp;<strong>Tijuana, Baja California<\/strong>, resalt\u00f3 que no se necesita una inversi\u00f3n numerosa para mejorar instalaciones en el pa\u00eds.<\/p>\n\n\n\n<p>Recalc\u00f3 que solamente es un tema de que los jugadores reconozcan sus capacidades.<\/p>\n\n\n\n<p>Adem\u00e1s, Alfredo comparti\u00f3 sus sensaciones tras sentir el apoyo de la afici\u00f3n de los&nbsp;<strong>49ers de San Francisco en Las Vegas<\/strong>.<\/p>\n\n\n\n<p>Fuente: El Universal<\/p>\n","protected":false},"excerpt":{"rendered":"<p>Alfredo Guti\u00e9rrez&nbsp;no esperaba tener un recibimiento tan c\u00e1lido en el estadio Allegiant, durante el tradicional D\u00eda de Medios previo al&nbsp;Super Bowl LVIII. Fue un jugador aplaudido por la afici\u00f3n de los&nbsp;49ers de San Francisco. Una sonrisa iluminaba el rostro del tackle ofensivo, quien el domingo podr\u00eda convertirse en el primer egresado de una universidad mexicana [&hellip;]<\/p>\n","protected":false},"author":8,"featured_media":138588,"comment_status":"open","ping_status":"open","sticky":false,"template":"","format":"standard","meta":{"_monsterinsights_skip_tracking":false,"_monsterinsights_sitenote_active":false,"_monsterinsights_sitenote_note":"","_monsterinsights_sitenote_category":0,"footnotes":""},"categories":[159],"tags":[13067,29294,508],"class_list":["post-138587","post","type-post","status-publish","format-standard","has-post-thumbnail","hentry","category-deportes","tag-49ers","tag-alfredo-gutierrez","tag-super-bowl","wp-image-borders"],"amp_enabled":true,"_links":{"self":[{"href":"https:\/\/nvnoticias.mx\/index.php\/wp-json\/wp\/v2\/posts\/138587","targetHints":{"allow":["GET"]}}],"collection":[{"href":"https:\/\/nvnoticias.mx\/index.php\/wp-json\/wp\/v2\/posts"}],"about":[{"href":"https:\/\/nvnoticias.mx\/index.php\/wp-json\/wp\/v2\/types\/post"}],"author":[{"embeddable":true,"href":"https:\/\/nvnoticias.mx\/index.php\/wp-json\/wp\/v2\/users\/8"}],"replies":[{"embeddable":true,"href":"https:\/\/nvnoticias.mx\/index.php\/wp-json\/wp\/v2\/comments?post=138587"}],"version-history":[{"count":2,"href":"https:\/\/nvnoticias.mx\/index.php\/wp-json\/wp\/v2\/posts\/138587\/revisions"}],"predecessor-version":[{"id":138592,"href":"https:\/\/nvnoticias.mx\/index.php\/wp-json\/wp\/v2\/posts\/138587\/revisions\/138592"}],"wp:featuredmedia":[{"embeddable":true,"href":"https:\/\/nvnoticias.mx\/index.php\/wp-json\/wp\/v2\/media\/138588"}],"wp:attachment":[{"href":"https:\/\/nvnoticias.mx\/index.php\/wp-json\/wp\/v2\/media?parent=138587"}],"wp:term":[{"taxonomy":"category","embeddable":true,"href":"https:\/\/nvnoticias.mx\/index.php\/wp-json\/wp\/v2\/categories?post=138587"},{"taxonomy":"post_tag","embeddable":true,"href":"https:\/\/nvnoticias.mx\/index.php\/wp-json\/wp\/v2\/tags?post=138587"}],"curies":[{"name":"wp","href":"https:\/\/api.w.org\/{rel}","templated":true}]}}