{"id":138537,"date":"2024-02-07T14:12:43","date_gmt":"2024-02-07T20:12:43","guid":{"rendered":"https:\/\/nvnoticias.mx\/?p=138537"},"modified":"2024-02-07T14:12:44","modified_gmt":"2024-02-07T20:12:44","slug":"restaurantes-de-veracruz-esperan-mas-ventas-en-la-celebracion-del-dia-del-amor-y-la-amistad","status":"publish","type":"post","link":"https:\/\/nvnoticias.mx\/index.php\/2024\/02\/07\/restaurantes-de-veracruz-esperan-mas-ventas-en-la-celebracion-del-dia-del-amor-y-la-amistad\/","title":{"rendered":"Restaurantes de Veracruz esperan m\u00e1s ventas en la celebraci\u00f3n del D\u00eda del Amor y la Amistad"},"content":{"rendered":"\n<p><strong>Jes\u00fas Utrilla \/ NV Noticias<\/strong><\/p>\n\n\n\n<p>Los restaurantes de Veracruz y Boca del R\u00edo invitan a todos los amantes de la buena comida y la buena compa\u00f1\u00eda a unirse a ellos en la celebraci\u00f3n del D\u00eda del Amor y la Amistad, prometiendo una experiencia culinaria \u00fanica y memorable que cautivar\u00e1 todos los sentidos.<\/p>\n\n\n\n<p>Abigail Guzm\u00e1n, presidenta de la C\u00e1mara Nacional de la Industria de Restaurantes y Alimentos Condimentados (CANIRAC) en Veracruz, se espera un repunte significativo en las ventas, con un incremento estimado del 25 por ciento.<\/p>\n\n\n\n<p>Los establecimientos gastron\u00f3micos de la regi\u00f3n planearon diversas estrategias para atraer a los comensales durante esa fecha. Muchos de ellos ofrecer\u00e1n men\u00fas especiales dise\u00f1ados para deleitar los paladares m\u00e1s exigentes y crear una experiencia inolvidable para parejas, familias y amigos que elijan celebrar juntos.<\/p>\n\n\n\n<blockquote class=\"wp-block-quote is-layout-flow wp-block-quote-is-layout-flow\"><p>\u201c<em>Estamos esperando a fecha y provechar que es significativa. Para nosotros es bueno y esperemos que este a\u00f1o mejore y que podamos aprovechar la publicidad que se hace de Veracruz porque las tiendas tambi\u00e9n tienen muchos art\u00edculos sobre el tema y hay un marketing que se est\u00e1 moviendo en cuesti\u00f3n de fechas<\/em>\u201d.<\/p><\/blockquote>\n\n\n\n<p>Los restaurantes trabajan para ofrecer opciones atractivas y creativas que satisfagan las expectativas de los clientes. Esperan que tanto en la tarde, con opciones para almuerzos y meriendas, como en la noche, con cenas rom\u00e1nticas y encuentros entre amigos, los locales gastron\u00f3micos de Veracruz y Boca del R\u00edo se vean concurridos.<\/p>\n\n\n\n<blockquote class=\"wp-block-quote is-layout-flow wp-block-quote-is-layout-flow\"><p>\u201c<em>Esperamos que suba m\u00e1s del 25 por ciento. Hay varios con paquetes de fecha, que abren en horario m\u00e1s extendido y esperamos que sea buena fecha<\/em>\u201d.<\/p><\/blockquote>\n\n\n\n<p>La fecha representa una oportunidad para los restaurantes de la regi\u00f3n para incrementar sus ventas.<\/p>\n","protected":false},"excerpt":{"rendered":"<p>Jes\u00fas Utrilla \/ NV Noticias Los restaurantes de Veracruz y Boca del R\u00edo invitan a todos los amantes de la buena comida y la buena compa\u00f1\u00eda a unirse a ellos en la celebraci\u00f3n del D\u00eda del Amor y la Amistad, prometiendo una experiencia culinaria \u00fanica y memorable que cautivar\u00e1 todos los sentidos. Abigail Guzm\u00e1n, presidenta [&hellip;]<\/p>\n","protected":false},"author":8,"featured_media":120530,"comment_status":"open","ping_status":"open","sticky":false,"template":"","format":"standard","meta":{"_monsterinsights_skip_tracking":false,"_monsterinsights_sitenote_active":false,"_monsterinsights_sitenote_note":"","_monsterinsights_sitenote_category":0,"footnotes":""},"categories":[154],"tags":[22945,1473,180],"class_list":["post-138537","post","type-post","status-publish","format-standard","has-post-thumbnail","hentry","category-veracruz","tag-dia-del-amor-y-la-amistad","tag-restaurantes","tag-veracruz","wp-image-borders"],"amp_enabled":true,"_links":{"self":[{"href":"https:\/\/nvnoticias.mx\/index.php\/wp-json\/wp\/v2\/posts\/138537","targetHints":{"allow":["GET"]}}],"collection":[{"href":"https:\/\/nvnoticias.mx\/index.php\/wp-json\/wp\/v2\/posts"}],"about":[{"href":"https:\/\/nvnoticias.mx\/index.php\/wp-json\/wp\/v2\/types\/post"}],"author":[{"embeddable":true,"href":"https:\/\/nvnoticias.mx\/index.php\/wp-json\/wp\/v2\/users\/8"}],"replies":[{"embeddable":true,"href":"https:\/\/nvnoticias.mx\/index.php\/wp-json\/wp\/v2\/comments?post=138537"}],"version-history":[{"count":1,"href":"https:\/\/nvnoticias.mx\/index.php\/wp-json\/wp\/v2\/posts\/138537\/revisions"}],"predecessor-version":[{"id":138538,"href":"https:\/\/nvnoticias.mx\/index.php\/wp-json\/wp\/v2\/posts\/138537\/revisions\/138538"}],"wp:featuredmedia":[{"embeddable":true,"href":"https:\/\/nvnoticias.mx\/index.php\/wp-json\/wp\/v2\/media\/120530"}],"wp:attachment":[{"href":"https:\/\/nvnoticias.mx\/index.php\/wp-json\/wp\/v2\/media?parent=138537"}],"wp:term":[{"taxonomy":"category","embeddable":true,"href":"https:\/\/nvnoticias.mx\/index.php\/wp-json\/wp\/v2\/categories?post=138537"},{"taxonomy":"post_tag","embeddable":true,"href":"https:\/\/nvnoticias.mx\/index.php\/wp-json\/wp\/v2\/tags?post=138537"}],"curies":[{"name":"wp","href":"https:\/\/api.w.org\/{rel}","templated":true}]}}