{"id":138535,"date":"2024-02-07T14:09:43","date_gmt":"2024-02-07T20:09:43","guid":{"rendered":"https:\/\/nvnoticias.mx\/?p=138535"},"modified":"2024-02-07T14:09:44","modified_gmt":"2024-02-07T20:09:44","slug":"estos-son-los-origenes-del-primer-viernes-de-marzo","status":"publish","type":"post","link":"https:\/\/nvnoticias.mx\/index.php\/2024\/02\/07\/estos-son-los-origenes-del-primer-viernes-de-marzo\/","title":{"rendered":"Estos son los or\u00edgenes del primer viernes de marzo"},"content":{"rendered":"\n<p><strong>Jes\u00fas Utrilla \/ NV Noticias<\/strong><\/p>\n\n\n\n<p>El primer viernes de marzo en Catemaco es un d\u00eda que despierta una energ\u00eda \u00fanica en esta m\u00edstica regi\u00f3n de Veracruz. <\/p>\n\n\n\n<p>Este d\u00eda marca el inicio de una tradici\u00f3n ancestral que atrae a visitantes de todo el pa\u00eds en busca de rituales de sanaci\u00f3n, protecci\u00f3n y adivinaci\u00f3n.<\/p>\n\n\n\n<p>Desde las primeras horas del alba, el aire se impregna con el aroma de hierbas medicinales y el sonido de tambores que marcan el ritmo de la jornada. <\/p>\n\n\n\n<p>Las calles se llenan de vendedores ambulantes que ofrecen amuletos, hierbas sagradas y otros objetos rituales, mientras que los lugare\u00f1os se preparan para recibir a los visitantes con hospitalidad y sabidur\u00eda ancestral.<\/p>\n\n\n\n<p>El Brujo Hermano Victor, se\u00f1al\u00f3 que desde la cultura Olmeca era en esta fecha cuando iniciaban con la siembra de los cultivos, por lo que se trata de un tradici\u00f3n milenaria.<\/p>\n\n\n\n<blockquote class=\"wp-block-quote is-layout-flow wp-block-quote-is-layout-flow\"><p>\u201c<em>Los chamanes de las aldeas o de las tribus se conectaban con los esp\u00edritus y ped\u00edan oraciones para que hubiera abundancia, lluvias, desde ah\u00ed se comienza a hacer la tradici\u00f3n del primer viernes de marzo, todos esos conocimientos prehisp\u00e1nicos se fueron heredando y nosotros tenemos que mantener viva esa cultura<\/em>\u201d.<\/p><\/blockquote>\n\n\n\n<p>Los rituales de fuego, humo y agua sagrada llenan el ambiente, mientras que las miradas expectantes de los asistentes buscan respuestas a sus inquietudes m\u00e1s profundas.<\/p>\n\n\n\n<p>Para muchos, el primer viernes de marzo es una oportunidad \u00fanica para conectarse con lo divino y lo esot\u00e9rico, para buscar orientaci\u00f3n en momentos de duda o dificultad. <\/p>\n\n\n\n<p>Los brujos y curanderos, herederos de una tradici\u00f3n milenaria, ofrecen su sabidur\u00eda y sus habilidades para aliviar el sufrimiento, proteger contra el mal y abrir caminos hacia la prosperidad y la felicidad.<\/p>\n\n\n\n<p>No es solo un d\u00eda de consulta y ritual; tambi\u00e9n es una celebraci\u00f3n de la cultura y la identidad de Catemaco. <\/p>\n\n\n\n<p>Las danzas folcl\u00f3ricas, la m\u00fasica tradicional y la gastronom\u00eda local dan color y sabor a la jornada, creando un ambiente festivo y vibrante que envuelve a todos los presentes en una atm\u00f3sfera de magia y misterio<\/p>\n","protected":false},"excerpt":{"rendered":"<p>Jes\u00fas Utrilla \/ NV Noticias El primer viernes de marzo en Catemaco es un d\u00eda que despierta una energ\u00eda \u00fanica en esta m\u00edstica regi\u00f3n de Veracruz. Este d\u00eda marca el inicio de una tradici\u00f3n ancestral que atrae a visitantes de todo el pa\u00eds en busca de rituales de sanaci\u00f3n, protecci\u00f3n y adivinaci\u00f3n. Desde las primeras [&hellip;]<\/p>\n","protected":false},"author":8,"featured_media":93078,"comment_status":"open","ping_status":"open","sticky":false,"template":"","format":"standard","meta":{"_monsterinsights_skip_tracking":false,"_monsterinsights_sitenote_active":false,"_monsterinsights_sitenote_note":"","_monsterinsights_sitenote_category":0,"footnotes":""},"categories":[154],"tags":[1914,1915,29286],"class_list":["post-138535","post","type-post","status-publish","format-standard","has-post-thumbnail","hentry","category-veracruz","tag-brujos","tag-catemaco","tag-primer-viernes-de-marzo","wp-image-borders"],"amp_enabled":true,"_links":{"self":[{"href":"https:\/\/nvnoticias.mx\/index.php\/wp-json\/wp\/v2\/posts\/138535","targetHints":{"allow":["GET"]}}],"collection":[{"href":"https:\/\/nvnoticias.mx\/index.php\/wp-json\/wp\/v2\/posts"}],"about":[{"href":"https:\/\/nvnoticias.mx\/index.php\/wp-json\/wp\/v2\/types\/post"}],"author":[{"embeddable":true,"href":"https:\/\/nvnoticias.mx\/index.php\/wp-json\/wp\/v2\/users\/8"}],"replies":[{"embeddable":true,"href":"https:\/\/nvnoticias.mx\/index.php\/wp-json\/wp\/v2\/comments?post=138535"}],"version-history":[{"count":1,"href":"https:\/\/nvnoticias.mx\/index.php\/wp-json\/wp\/v2\/posts\/138535\/revisions"}],"predecessor-version":[{"id":138536,"href":"https:\/\/nvnoticias.mx\/index.php\/wp-json\/wp\/v2\/posts\/138535\/revisions\/138536"}],"wp:featuredmedia":[{"embeddable":true,"href":"https:\/\/nvnoticias.mx\/index.php\/wp-json\/wp\/v2\/media\/93078"}],"wp:attachment":[{"href":"https:\/\/nvnoticias.mx\/index.php\/wp-json\/wp\/v2\/media?parent=138535"}],"wp:term":[{"taxonomy":"category","embeddable":true,"href":"https:\/\/nvnoticias.mx\/index.php\/wp-json\/wp\/v2\/categories?post=138535"},{"taxonomy":"post_tag","embeddable":true,"href":"https:\/\/nvnoticias.mx\/index.php\/wp-json\/wp\/v2\/tags?post=138535"}],"curies":[{"name":"wp","href":"https:\/\/api.w.org\/{rel}","templated":true}]}}