{"id":13828,"date":"2021-05-20T13:22:26","date_gmt":"2021-05-20T18:22:26","guid":{"rendered":"https:\/\/nvnoticias.mx\/?p=13828"},"modified":"2021-05-20T13:24:07","modified_gmt":"2021-05-20T18:24:07","slug":"se-incendia-pipa-en-la-entrada-norte-a-veracruz","status":"publish","type":"post","link":"https:\/\/nvnoticias.mx\/index.php\/2021\/05\/20\/se-incendia-pipa-en-la-entrada-norte-a-veracruz\/","title":{"rendered":"Se incendia pipa en la entrada norte a Veracruz"},"content":{"rendered":"\n<p><strong>Jes\u00fas Utrilla \/ NV Noticias <\/strong><\/p>\n\n\n\n<p>Una pipa se incendi\u00f3 sobre la autopista Veracruz- Cardel, en el carril norte- sur.<\/p>\n\n\n\n<p>Los hechos se dieron cerca de la entrada a la ciudad porte\u00f1a, donde un remolque tipo tanque se volte\u00f3 a medio puente.<\/p>\n\n\n\n<div class=\"wp-block-image\"><figure class=\"aligncenter size-large\"><img loading=\"lazy\" decoding=\"async\" width=\"1024\" height=\"578\" src=\"https:\/\/nvnoticias.mx\/wp-content\/uploads\/2021\/05\/WhatsApp-Image-2021-05-20-at-1.06.38-PM-1024x578.jpeg\" alt=\"\" class=\"wp-image-13829\" srcset=\"https:\/\/nvnoticias.mx\/wp-content\/uploads\/2021\/05\/WhatsApp-Image-2021-05-20-at-1.06.38-PM-1024x578.jpeg 1024w, https:\/\/nvnoticias.mx\/wp-content\/uploads\/2021\/05\/WhatsApp-Image-2021-05-20-at-1.06.38-PM-300x169.jpeg 300w, https:\/\/nvnoticias.mx\/wp-content\/uploads\/2021\/05\/WhatsApp-Image-2021-05-20-at-1.06.38-PM-768x433.jpeg 768w, https:\/\/nvnoticias.mx\/wp-content\/uploads\/2021\/05\/WhatsApp-Image-2021-05-20-at-1.06.38-PM.jpeg 1276w\" sizes=\"auto, (max-width: 1024px) 100vw, 1024px\" \/><\/figure><\/div>\n\n\n\n<p>Por tal motivo derram\u00f3 combustible en los pastizales.<\/p>\n\n\n\n<p>De manera preliminar las autoridades descartaron la existencia de personas lesionadas.<br>Por los hechos hubo congestionamiento vial en Rafael Cuervo, pues al lugar lleg\u00f3 personal de bomberos y corporaciones de auxilio para controlar las llamas y sofocarlas.<\/p>\n\n\n\n<p>El humo lleg\u00f3 a varios kil\u00f3metros a la redonda, incluso desde los puentes de la ciudad se alcanzaba a ver la alta columna de humo.<\/p>\n\n\n\n<div class=\"wp-block-image\"><figure class=\"aligncenter size-large\"><img loading=\"lazy\" decoding=\"async\" width=\"1024\" height=\"578\" src=\"https:\/\/nvnoticias.mx\/wp-content\/uploads\/2021\/05\/WhatsApp-Image-2021-05-20-at-1.06.17-PM-1024x578.jpeg\" alt=\"\" class=\"wp-image-13830\" srcset=\"https:\/\/nvnoticias.mx\/wp-content\/uploads\/2021\/05\/WhatsApp-Image-2021-05-20-at-1.06.17-PM-1024x578.jpeg 1024w, https:\/\/nvnoticias.mx\/wp-content\/uploads\/2021\/05\/WhatsApp-Image-2021-05-20-at-1.06.17-PM-300x169.jpeg 300w, https:\/\/nvnoticias.mx\/wp-content\/uploads\/2021\/05\/WhatsApp-Image-2021-05-20-at-1.06.17-PM-768x434.jpeg 768w, https:\/\/nvnoticias.mx\/wp-content\/uploads\/2021\/05\/WhatsApp-Image-2021-05-20-at-1.06.17-PM.jpeg 1275w\" sizes=\"auto, (max-width: 1024px) 100vw, 1024px\" \/><\/figure><\/div>\n\n\n\n<p>Los curiosos no pudieron faltar y a pesar del riesgo se acercaron lo m\u00e1s que pudieron a presenciar los hechos.<\/p>\n\n\n\n<p>Adem\u00e1s de las llantas y el tanque se incendi\u00f3 parte del pastizal que recibi\u00f3 el combustible<\/p>\n","protected":false},"excerpt":{"rendered":"<p>Jes\u00fas Utrilla \/ NV Noticias Una pipa se incendi\u00f3 sobre la autopista Veracruz- Cardel, en el carril norte- sur. Los hechos se dieron cerca de la entrada a la ciudad porte\u00f1a, donde un remolque tipo tanque se volte\u00f3 a medio puente. Por tal motivo derram\u00f3 combustible en los pastizales. De manera preliminar las autoridades descartaron [&hellip;]<\/p>\n","protected":false},"author":6,"featured_media":13831,"comment_status":"open","ping_status":"open","sticky":false,"template":"","format":"standard","meta":{"_monsterinsights_skip_tracking":false,"_monsterinsights_sitenote_active":false,"_monsterinsights_sitenote_note":"","_monsterinsights_sitenote_category":0,"footnotes":""},"categories":[154],"tags":[310,3841,162],"class_list":["post-13828","post","type-post","status-publish","format-standard","has-post-thumbnail","hentry","category-veracruz","tag-incendio","tag-pipa","tag-portada","wp-image-borders"],"amp_enabled":true,"_links":{"self":[{"href":"https:\/\/nvnoticias.mx\/index.php\/wp-json\/wp\/v2\/posts\/13828","targetHints":{"allow":["GET"]}}],"collection":[{"href":"https:\/\/nvnoticias.mx\/index.php\/wp-json\/wp\/v2\/posts"}],"about":[{"href":"https:\/\/nvnoticias.mx\/index.php\/wp-json\/wp\/v2\/types\/post"}],"author":[{"embeddable":true,"href":"https:\/\/nvnoticias.mx\/index.php\/wp-json\/wp\/v2\/users\/6"}],"replies":[{"embeddable":true,"href":"https:\/\/nvnoticias.mx\/index.php\/wp-json\/wp\/v2\/comments?post=13828"}],"version-history":[{"count":1,"href":"https:\/\/nvnoticias.mx\/index.php\/wp-json\/wp\/v2\/posts\/13828\/revisions"}],"predecessor-version":[{"id":13832,"href":"https:\/\/nvnoticias.mx\/index.php\/wp-json\/wp\/v2\/posts\/13828\/revisions\/13832"}],"wp:featuredmedia":[{"embeddable":true,"href":"https:\/\/nvnoticias.mx\/index.php\/wp-json\/wp\/v2\/media\/13831"}],"wp:attachment":[{"href":"https:\/\/nvnoticias.mx\/index.php\/wp-json\/wp\/v2\/media?parent=13828"}],"wp:term":[{"taxonomy":"category","embeddable":true,"href":"https:\/\/nvnoticias.mx\/index.php\/wp-json\/wp\/v2\/categories?post=13828"},{"taxonomy":"post_tag","embeddable":true,"href":"https:\/\/nvnoticias.mx\/index.php\/wp-json\/wp\/v2\/tags?post=13828"}],"curies":[{"name":"wp","href":"https:\/\/api.w.org\/{rel}","templated":true}]}}