{"id":138202,"date":"2024-02-05T10:57:36","date_gmt":"2024-02-05T16:57:36","guid":{"rendered":"https:\/\/nvnoticias.mx\/?p=138202"},"modified":"2024-02-05T10:57:37","modified_gmt":"2024-02-05T16:57:37","slug":"gana-nayib-bukele-reeleccion-en-el-salvador","status":"publish","type":"post","link":"https:\/\/nvnoticias.mx\/index.php\/2024\/02\/05\/gana-nayib-bukele-reeleccion-en-el-salvador\/","title":{"rendered":"Gana Nayib Bukele reelecci\u00f3n en El Salvador"},"content":{"rendered":"\n<p>Nayib Bukele\u00a0<strong>ser\u00e1 presidente de El Salvador por otros cinco a\u00f1os\u00a0<\/strong>luego de haber ganado las elecciones de este domingo en una aplastante victoria contra los\u00a0partidos Arena y FMLN\u00a0que hab\u00edan dominado el panorama pol\u00edtico por a\u00f1os antes de la era Bukele, seg\u00fan el conteo oficial con avance de 70 por ciento.<\/p>\n\n\n\n<p>El pueblo salvadore\u00f1o ha cobijado a Bukele despu\u00e9s de haber obtenido\u00a0<strong>los \u00edndices m\u00e1s bajos en homicidios\u00a0<\/strong>en la historia moderna de este pa\u00eds como resultado de sus pol\u00edticas de seguridad conocida como la\u00a0<em>guerra contra las pandillas.<\/em>\u00a0<\/p>\n\n\n\n<p>Incluso, adem\u00e1s de tener el respaldo ciudadano, Nayib Bukele y su partido&nbsp;<strong>tambi\u00e9n dominan el Congreso de El Salvador&nbsp;<\/strong>que incluso aprob\u00f3 su candidatura se\u00f1alada por varias organizaciones, legisladores y pol\u00edticos como inconstitucional, pues Nuevas Ideas (su partido) obtuvo&nbsp;<strong>58 de 60 lugares<\/strong>.&nbsp;<\/p>\n\n\n\n<p>Antes de que terminara la jornada electoral,&nbsp;<strong>Bukele descart\u00f3 que vaya a buscar otra reelecci\u00f3n despu\u00e9s de 2029&nbsp;<\/strong>y rechaz\u00f3 que le haya quitado la democracia a El Salvador. En cambio, afirm\u00f3 que, por primera vez, su pa\u00eds tiene democracia.<\/p>\n\n\n\n<p>Por la noche, encabez\u00f3 un festejo en la plaza Barrios &#8211; en el primer cuadro de San Salvador -, en el que destac\u00f3 que nadie en el historia del pa\u00eds hab\u00eda\u00a0<strong>ganado los comicios presidenciales con tanta diferencia<\/strong>.<\/p>\n\n\n\n<p>Fuente: <a href=\"https:\/\/www.milenio.com\/internacional\/nayib-bukele-gana-reeleccion-salvador-gobernara-5-anos\" data-type=\"URL\" data-id=\"https:\/\/www.milenio.com\/internacional\/nayib-bukele-gana-reeleccion-salvador-gobernara-5-anos\">Milenio<\/a> <\/p>\n","protected":false},"excerpt":{"rendered":"<p>Nayib Bukele\u00a0ser\u00e1 presidente de El Salvador por otros cinco a\u00f1os\u00a0luego de haber ganado las elecciones de este domingo en una aplastante victoria contra los\u00a0partidos Arena y FMLN\u00a0que hab\u00edan dominado el panorama pol\u00edtico por a\u00f1os antes de la era Bukele, seg\u00fan el conteo oficial con avance de 70 por ciento. El pueblo salvadore\u00f1o ha cobijado a [&hellip;]<\/p>\n","protected":false},"author":35,"featured_media":17506,"comment_status":"open","ping_status":"open","sticky":false,"template":"","format":"standard","meta":{"_monsterinsights_skip_tracking":false,"_monsterinsights_sitenote_active":false,"_monsterinsights_sitenote_note":"","_monsterinsights_sitenote_category":0,"footnotes":""},"categories":[181],"tags":[4267,2623,2478],"class_list":["post-138202","post","type-post","status-publish","format-standard","has-post-thumbnail","hentry","category-internacional","tag-gana","tag-nayib-bukele","tag-reeleccion","wp-image-borders"],"amp_enabled":true,"_links":{"self":[{"href":"https:\/\/nvnoticias.mx\/index.php\/wp-json\/wp\/v2\/posts\/138202","targetHints":{"allow":["GET"]}}],"collection":[{"href":"https:\/\/nvnoticias.mx\/index.php\/wp-json\/wp\/v2\/posts"}],"about":[{"href":"https:\/\/nvnoticias.mx\/index.php\/wp-json\/wp\/v2\/types\/post"}],"author":[{"embeddable":true,"href":"https:\/\/nvnoticias.mx\/index.php\/wp-json\/wp\/v2\/users\/35"}],"replies":[{"embeddable":true,"href":"https:\/\/nvnoticias.mx\/index.php\/wp-json\/wp\/v2\/comments?post=138202"}],"version-history":[{"count":3,"href":"https:\/\/nvnoticias.mx\/index.php\/wp-json\/wp\/v2\/posts\/138202\/revisions"}],"predecessor-version":[{"id":138205,"href":"https:\/\/nvnoticias.mx\/index.php\/wp-json\/wp\/v2\/posts\/138202\/revisions\/138205"}],"wp:featuredmedia":[{"embeddable":true,"href":"https:\/\/nvnoticias.mx\/index.php\/wp-json\/wp\/v2\/media\/17506"}],"wp:attachment":[{"href":"https:\/\/nvnoticias.mx\/index.php\/wp-json\/wp\/v2\/media?parent=138202"}],"wp:term":[{"taxonomy":"category","embeddable":true,"href":"https:\/\/nvnoticias.mx\/index.php\/wp-json\/wp\/v2\/categories?post=138202"},{"taxonomy":"post_tag","embeddable":true,"href":"https:\/\/nvnoticias.mx\/index.php\/wp-json\/wp\/v2\/tags?post=138202"}],"curies":[{"name":"wp","href":"https:\/\/api.w.org\/{rel}","templated":true}]}}