{"id":138049,"date":"2024-02-03T07:00:00","date_gmt":"2024-02-03T13:00:00","guid":{"rendered":"https:\/\/nvnoticias.mx\/?p=138049"},"modified":"2024-02-02T23:46:54","modified_gmt":"2024-02-03T05:46:54","slug":"ausencia-de-artistas-latinos-en-los-grammys-2024-despierta-las-criticas","status":"publish","type":"post","link":"https:\/\/nvnoticias.mx\/index.php\/2024\/02\/03\/ausencia-de-artistas-latinos-en-los-grammys-2024-despierta-las-criticas\/","title":{"rendered":"Ausencia de artistas latinos en los Grammys 2024 despierta las cr\u00edticas"},"content":{"rendered":"\n<p>Con la llegada de la temporada de premios en la industria del espect\u00e1culo en\u00a0<strong>Estados Unidos<\/strong>\u00a0siempre hay quienes quedan insatisfechos, pero la historia de la\u00a0<strong>Academia de la Grabaci\u00f3n<\/strong>\u00a0dejando de lado a artistas latinos parece m\u00e1s una norma que una excepci\u00f3n.<\/p>\n\n\n\n<p>Ning\u00fan latino fue nominado al\u00a0<strong>Grammy<\/strong>\u00a0a mejor \u00e1lbum, grabaci\u00f3n, canci\u00f3n o nuevo artista, las cuatro categor\u00edas m\u00e1s importantes de los premios de la m\u00fasica que se celebrar\u00e1n el pr\u00f3ximo domingo 4.<\/p>\n\n\n\n<p>Para algunos cr\u00edticos, esto cay\u00f3 como un balde de agua fr\u00eda, dado que la hist\u00f3rica nominaci\u00f3n de<strong>\u00a0Bad Bunny en 2023\u00a0<\/strong>a \u00e1lbum del a\u00f1o parec\u00eda una se\u00f1al de que la Academia de la Grabaci\u00f3n estaba prestando atenci\u00f3n al p\u00fablico de la m\u00fasica latina.<img loading=\"lazy\" decoding=\"async\" width=\"0\" height=\"620\" alt=\"Foto: EFE\" src=\"https:\/\/www.eluniversal.com.mx\/resizer\/FR7djiv1BdfavMuczOOD27hkebA=\/0x620\/cloudfront-us-east-1.images.arcpublishing.com\/eluniversal\/267IN5Z5BJGPDNZR2IKWKS7QMY.jpg\"><\/p>\n\n\n\n<p>Pero la inclusi\u00f3n del primer trabajo en espa\u00f1ol en esa categor\u00eda no se volvi\u00f3 tendencia.<\/p>\n\n\n\n<p>Observadores de la industria se sorprendieron de que\u00a0<strong>Peso Pluma,<\/strong>\u00a0el imparable artista mexicano que cerr\u00f3 el a\u00f1o con una seguidilla de \u00e9xitos, se quedara por fuera de la categor\u00eda de artista revelaci\u00f3n.<\/p>\n\n\n\n<p>El cantante de 24 a\u00f1os, que irrumpi\u00f3 en la escena global, apenas entr\u00f3 en la categor\u00eda de mejor m\u00fasica mexicana.<\/p>\n\n\n\n<blockquote class=\"wp-block-quote is-layout-flow wp-block-quote-is-layout-flow\"><p>&#8220;Al dejarlo fuera de los premios en las categor\u00edas generales, no s\u00f3lo est\u00e1n desairando a un artista&#8221;, escribi\u00f3 un cr\u00edtico de la revista Rolling Stone.<\/p><\/blockquote>\n\n\n\n<blockquote class=\"wp-block-quote is-layout-flow wp-block-quote-is-layout-flow\"><p>&#8220;Est\u00e1n descartando toda una ola de nuevos talentos que est\u00e1 cambiando el escenario musical&#8221;.<\/p><\/blockquote>\n\n\n\n<p>Lo mismo ocurri\u00f3 con la estrella colombiana Karol G, que fue nominada s\u00f3lo en m\u00fasica urbana. En tanto, la megaexitosa colaboraci\u00f3n de Shakira y Bizarrap, que rompi\u00f3 14 r\u00e9cord Guinness con m\u00e1s de 60 millones de visualizaciones en un d\u00eda, no entr\u00f3 en ninguna categor\u00eda.<img loading=\"lazy\" decoding=\"async\" width=\"0\" height=\"620\" alt=\"&quot;Copa vac\u00eda&quot; es el \u00faltimo videoclip de la barranquillera. Foto: Captura de pantalla\" src=\"https:\/\/www.eluniversal.com.mx\/resizer\/XSIqci4ZFUUup_jkWXgPzVljeHE=\/0x620\/cloudfront-us-east-1.images.arcpublishing.com\/eluniversal\/BT6UMKKESFDNDJ6I2T43GAPJVI.png\">&#8220;Copa vac\u00eda&#8221; es el \u00faltimo videoclip de la barranquillera. Foto: Captura de pantalla<\/p>\n\n\n\n<p>El rapero puertorrique\u00f1o Eladio Carri\u00f3n fue otra de las ausencias que llam\u00f3 la atenci\u00f3n de los cr\u00edticos.<\/p>\n\n\n\n<blockquote class=\"wp-block-quote is-layout-flow wp-block-quote-is-layout-flow\"><p>&#8220;Tengo la impresi\u00f3n de que no tuvimos tantos artistas y creadores latinos como me habr\u00eda gustado&#8221;, dijo el director ejecutivo de la Academia de la Grabaci\u00f3n, Harvey Mason Jr., en declaraciones a Billboard tras las nominaciones.<\/p><\/blockquote>\n\n\n\n<blockquote class=\"wp-block-quote is-layout-flow wp-block-quote-is-layout-flow\"><p>&#8220;Tenemos que llegar m\u00e1s a las comunidades latinas y asegurarnos de que representamos la m\u00fasica con exactitud. Estamos oy\u00e9ndolos para ver qu\u00e9 podemos hacer para asegurarnos de tener el n\u00famero de miembros y la representaci\u00f3n adecuados&#8221;.<\/p><\/blockquote>\n\n\n\n<p>Los artistas latinos han mostrado buen desempe\u00f1o en todos los g\u00e9neros, pero la m\u00fasica regional mexicana es la que ha crecido de forma exponencial, lo que hace a\u00fan m\u00e1s visible la falta de reconocimiento de la Academia.<a href=\"https:\/\/www.eluniversal.com.mx\/espectaculos\/muere-carl-weathers-quien-fue-apollo-creed-en-rocky\/\"><\/a><\/p>\n\n\n\n<p>Su auge ha sido visto c\u00f3mo una nueva generaci\u00f3n de artistas que fusiona los corridos tradicionales -baladas que se hicieron populares hace m\u00e1s de un siglo, durante la revoluci\u00f3n mexicana- con influencias del rap o el reguet\u00f3n.<\/p>\n\n\n\n<p>Peso Pluma ha enfrentado cr\u00edticas por abrazar el subg\u00e9nero del narcocorrido, que gira en torno a la cultura del tr\u00e1fico de drogas y divide voces entre quienes lo ven como una glorificaci\u00f3n de lo il\u00edcito y quienes piensan que es una cr\u00f3nica con componente social.<\/p>\n\n\n\n<p>Pero, en cualquier caso, su trabajo, as\u00ed como otros estilos regionales mexicanos, cuentan con una ferviente base de seguidores dentro y fuera de su pa\u00eds, que tiene poder de permanencia tanto en las plataformas de streaming como en las redes sociales.<\/p>\n\n\n\n<p>En 2023, colaboraciones con sello regional mexicano se impusieron por primera vez en las carteleras de Billboard: Grupo Frontera junto a Bad Bunny en el primer lugar con &#8220;un X100to&#8221;; Eslabon Armado y Peso Pluma con el hit &#8220;Ella Baila Sola&#8221;, y &#8220;La Bebe&#8221; tambi\u00e9n de Peso Pluma pero con Yng Lvcas.<\/p>\n\n\n\n<p>&#8220;Lo que est\u00e1 ocurriendo ahora es un reajuste, no s\u00f3lo de la m\u00fasica regional mexicana, sino de lo mexicano y de la identidad mexicana en Estados Unidos&#8221;, afirma Juan Carlos Ram\u00edrez-Pimienta, profesor de la Universidad Estatal de San Diego especializado en corridos.<\/p>\n\n\n\n<p>&#8220;Tiene mucho que ver con la erosi\u00f3n del ingl\u00e9s y de la m\u00fasica estadounidense como &#8216;la m\u00fasica del mundo'&#8221;, agreg\u00f3.<\/p>\n\n\n\n<p>Al igual que otros g\u00e9neros, la m\u00fasica latina tiene sus propias categor\u00edas entre la lista de m\u00e1s de 90 premios Grammy que se entregan. Pero, adem\u00e1s, cuenta con su propia premiaci\u00f3n.<\/p>\n\n\n\n<p>La Academia Latina de la Grabaci\u00f3n, establecida en 1997, celebra desde el 2000 los Grammy Latinos para reconocer especialmente m\u00fasica en espa\u00f1ol y portugu\u00e9s.<\/p>\n\n\n\n<p>El escritor y profesor de Columbia University, Ed Morales, ve la expansi\u00f3n como &#8220;una gran oportunidad de promoci\u00f3n para la industria de la m\u00fasica latina&#8221;, pero es una espada de doble filo.<\/p>\n\n\n\n<p>&#8220;La creaci\u00f3n de los Grammy Latinos puede ser usada como excusa para aislar y reducir la necesidad de representaci\u00f3n en los Grammy convencionales&#8221;.<\/p>\n\n\n\n<p>Ambos acad\u00e9micos coinciden en que la marginalizaci\u00f3n de la m\u00fasica latina en los premios de la industria es similar a las dificultades que enfrentaron durante d\u00e9cadas los artistas de hip hop, hasta ver estas barreras caer en a\u00f1os recientes.<\/p>\n\n\n\n<p>&#8220;Es el mismo proceso de discriminaci\u00f3n&#8221;, dijo Ram\u00edrez-Pimienta.<\/p>\n\n\n\n<p>Por lo que el reconocimiento puede ser una cuesti\u00f3n de tiempo. &#8220;Los latinos no deber\u00eda ser estos perpetuos forasteros&#8221;, dijo.<\/p>\n\n\n\n<p>Fuente: <a href=\"https:\/\/www.eluniversal.com.mx\/espectaculos\/premios-grammy-2024-ausencia-de-artistas-latinos-despierta-las-criticas\/\" data-type=\"URL\" data-id=\"https:\/\/www.eluniversal.com.mx\/espectaculos\/premios-grammy-2024-ausencia-de-artistas-latinos-despierta-las-criticas\/\">El Universal<\/a> <\/p>\n","protected":false},"excerpt":{"rendered":"<p>Con la llegada de la temporada de premios en la industria del espect\u00e1culo en\u00a0Estados Unidos\u00a0siempre hay quienes quedan insatisfechos, pero la historia de la\u00a0Academia de la Grabaci\u00f3n\u00a0dejando de lado a artistas latinos parece m\u00e1s una norma que una excepci\u00f3n. Ning\u00fan latino fue nominado al\u00a0Grammy\u00a0a mejor \u00e1lbum, grabaci\u00f3n, canci\u00f3n o nuevo artista, las cuatro categor\u00edas m\u00e1s [&hellip;]<\/p>\n","protected":false},"author":35,"featured_media":31741,"comment_status":"open","ping_status":"open","sticky":false,"template":"","format":"standard","meta":{"_monsterinsights_skip_tracking":false,"_monsterinsights_sitenote_active":false,"_monsterinsights_sitenote_note":"","_monsterinsights_sitenote_category":0,"footnotes":""},"categories":[576],"tags":[29252,11729],"class_list":["post-138049","post","type-post","status-publish","format-standard","has-post-thumbnail","hentry","category-ocio","tag-grammys-2024","tag-latinos","wp-image-borders"],"amp_enabled":true,"_links":{"self":[{"href":"https:\/\/nvnoticias.mx\/index.php\/wp-json\/wp\/v2\/posts\/138049","targetHints":{"allow":["GET"]}}],"collection":[{"href":"https:\/\/nvnoticias.mx\/index.php\/wp-json\/wp\/v2\/posts"}],"about":[{"href":"https:\/\/nvnoticias.mx\/index.php\/wp-json\/wp\/v2\/types\/post"}],"author":[{"embeddable":true,"href":"https:\/\/nvnoticias.mx\/index.php\/wp-json\/wp\/v2\/users\/35"}],"replies":[{"embeddable":true,"href":"https:\/\/nvnoticias.mx\/index.php\/wp-json\/wp\/v2\/comments?post=138049"}],"version-history":[{"count":3,"href":"https:\/\/nvnoticias.mx\/index.php\/wp-json\/wp\/v2\/posts\/138049\/revisions"}],"predecessor-version":[{"id":138052,"href":"https:\/\/nvnoticias.mx\/index.php\/wp-json\/wp\/v2\/posts\/138049\/revisions\/138052"}],"wp:featuredmedia":[{"embeddable":true,"href":"https:\/\/nvnoticias.mx\/index.php\/wp-json\/wp\/v2\/media\/31741"}],"wp:attachment":[{"href":"https:\/\/nvnoticias.mx\/index.php\/wp-json\/wp\/v2\/media?parent=138049"}],"wp:term":[{"taxonomy":"category","embeddable":true,"href":"https:\/\/nvnoticias.mx\/index.php\/wp-json\/wp\/v2\/categories?post=138049"},{"taxonomy":"post_tag","embeddable":true,"href":"https:\/\/nvnoticias.mx\/index.php\/wp-json\/wp\/v2\/tags?post=138049"}],"curies":[{"name":"wp","href":"https:\/\/api.w.org\/{rel}","templated":true}]}}